{"id":92788,"date":"2026-03-08T17:34:46","date_gmt":"2026-03-08T14:34:46","guid":{"rendered":"https:\/\/www.egemtv.com\/?p=92788"},"modified":"2026-03-08T17:34:47","modified_gmt":"2026-03-08T14:34:47","slug":"akyakada-8-mart-kutlamasi-renkli-goruntulere-sahne-oldu","status":"publish","type":"post","link":"https:\/\/www.egemtv.com\/?p=92788","title":{"rendered":"Akyaka\u2019da 8 Mart kutlamas\u0131 renkli g\u00f6r\u00fcnt\u00fclere sahne oldu"},"content":{"rendered":"<p>Mu\u011fla\u2019n\u0131n Ula il\u00e7esine ba\u011fl\u0131 Akyaka Mahallesi\u2019nde 8 Mart D\u00fcnya Kad\u0131nlar G\u00fcn\u00fc dolay\u0131s\u0131yla sahilde d\u00fczenlenen etkinlikler renkli g\u00f6r\u00fcnt\u00fclere sahne oldu.<\/p>\n<p>Akyaka sahilinde ger\u00e7ekle\u015ftirilen etkinlikler, g\u00fczel havan\u0131n da etkisiyle adeta \u015fenlik havas\u0131nda ge\u00e7ti. G\u00f6kabad Kad\u0131n Toplulu\u011fu Korosu\u2019nun seslendirdi\u011fi \u015fark\u0131lar sahile gelen vatanda\u015flara keyifli anlar ya\u015fatt\u0131. Hafta sonuna denk gelen etkinlikte g\u00fcne\u015fli havay\u0131 f\u0131rsat bilen \u00e7ok say\u0131da vatanda\u015f sahile ak\u0131n etti. Aileler kafe ve restoranlarda vakit ge\u00e7irirken \u00e7ocuklar kumsalda oyun oynad\u0131. Il\u0131k havay\u0131 f\u0131rsat bilen baz\u0131 vatanda\u015flar\u0131n denize girdi\u011fi de g\u00f6zlerden ka\u00e7mad\u0131. Etkinlikler, vatanda\u015flar\u0131n yo\u011fun ilgisi ve renkli g\u00f6r\u00fcnt\u00fcler e\u015fli\u011finde tamamland\u0131.<br \/><\/p>\n","protected":false},"excerpt":{"rendered":"<p>Mu\u011fla\u2019n\u0131n Ula il\u00e7esine ba\u011fl\u0131 Akyaka Mahallesi\u2019nde 8 Mart D\u00fcnya Kad\u0131nlar G\u00fcn\u00fc dolay\u0131s\u0131yla sahilde d\u00fczenlenen etkinlikler renkli g\u00f6r\u00fcnt\u00fclere sahne oldu. Akyaka sahilinde ger\u00e7ekle\u015ftirilen etkinlikler, g\u00fczel havan\u0131n da etkisiyle adeta \u015fenlik havas\u0131nda ge\u00e7ti. G\u00f6kabad Kad\u0131n Toplulu\u011fu Korosu\u2019nun seslendirdi\u011fi \u015fark\u0131lar sahile gelen vatanda\u015flara keyifli anlar ya\u015fatt\u0131. Hafta sonuna denk gelen etkinlikte g\u00fcne\u015fli havay\u0131 f\u0131rsat bilen \u00e7ok say\u0131da vatanda\u015f&#8230;<\/p>\n","protected":false},"author":1,"featured_media":92789,"comment_status":"open","ping_status":"open","sticky":false,"template":"","format":"standard","meta":{"_crdt_document":"","footnotes":""},"categories":[1],"tags":[],"class_list":["post-92788","post","type-post","status-publish","format-standard","has-post-thumbnail","hentry","category-guncel"],"_links":{"self":[{"href":"https:\/\/www.egemtv.com\/index.php?rest_route=\/wp\/v2\/posts\/92788","targetHints":{"allow":["GET"]}}],"collection":[{"href":"https:\/\/www.egemtv.com\/index.php?rest_route=\/wp\/v2\/posts"}],"about":[{"href":"https:\/\/www.egemtv.com\/index.php?rest_route=\/wp\/v2\/types\/post"}],"author":[{"embeddable":true,"href":"https:\/\/www.egemtv.com\/index.php?rest_route=\/wp\/v2\/users\/1"}],"replies":[{"embeddable":true,"href":"https:\/\/www.egemtv.com\/index.php?rest_route=%2Fwp%2Fv2%2Fcomments&post=92788"}],"version-history":[{"count":1,"href":"https:\/\/www.egemtv.com\/index.php?rest_route=\/wp\/v2\/posts\/92788\/revisions"}],"predecessor-version":[{"id":92790,"href":"https:\/\/www.egemtv.com\/index.php?rest_route=\/wp\/v2\/posts\/92788\/revisions\/92790"}],"wp:featuredmedia":[{"embeddable":true,"href":"https:\/\/www.egemtv.com\/index.php?rest_route=\/wp\/v2\/media\/92789"}],"wp:attachment":[{"href":"https:\/\/www.egemtv.com\/index.php?rest_route=%2Fwp%2Fv2%2Fmedia&parent=92788"}],"wp:term":[{"taxonomy":"category","embeddable":true,"href":"https:\/\/www.egemtv.com\/index.php?rest_route=%2Fwp%2Fv2%2Fcategories&post=92788"},{"taxonomy":"post_tag","embeddable":true,"href":"https:\/\/www.egemtv.com\/index.php?rest_route=%2Fwp%2Fv2%2Ftags&post=92788"}],"curies":[{"name":"wp","href":"https:\/\/api.w.org\/{rel}","templated":true}]}}