{"id":92785,"date":"2026-03-08T17:34:45","date_gmt":"2026-03-08T14:34:45","guid":{"rendered":"https:\/\/www.egemtv.com\/?p=92785"},"modified":"2026-03-08T17:34:46","modified_gmt":"2026-03-08T14:34:46","slug":"gelenbede-4-milyon-euroluk-altyapi-yatirimi-icin-imzalar-atildi","status":"publish","type":"post","link":"https:\/\/www.egemtv.com\/?p=92785","title":{"rendered":"Gelenbe\u2019de 4 milyon Euro\u2019luk altyap\u0131 yat\u0131r\u0131m\u0131 i\u00e7in imzalar at\u0131ld\u0131"},"content":{"rendered":"<p>Manisa\u2019n\u0131n K\u0131rka\u011fa\u00e7 il\u00e7esine ba\u011fl\u0131 Gelenbe Mahallesi\u2019nde, b\u00f6lge halk\u0131n\u0131n uzun s\u00fcredir bekledi\u011fi b\u00fcy\u00fck altyap\u0131 d\u00f6n\u00fc\u015f\u00fcm\u00fc i\u00e7in d\u00fc\u011fmeye bas\u0131ld\u0131. Manisa Su ve Kanalizasyon \u0130daresi (MASK\u0130) Genel M\u00fcd\u00fcrl\u00fc\u011f\u00fc taraf\u0131ndan y\u00fcr\u00fct\u00fclecek 4 milyon Euro b\u00fct\u00e7eli proje i\u00e7in Manisa B\u00fcy\u00fck\u015fehir Belediye Ba\u015fkan\u0131 Besim Dutlulu\u2019nun kat\u0131l\u0131m\u0131yla y\u00fcklenici firma ile resmi yap\u0131m s\u00f6zle\u015fmesi imzaland\u0131.<br \/>\n<br \/>Mahalle meydan\u0131nda d\u00fczenlenen t\u00f6renle resmen ba\u015flat\u0131lan projeyle b\u00f6lgenin 57 y\u0131ll\u0131k eskimi\u015f altyap\u0131s\u0131n\u0131n tamamen yenilenmesi hedefleniyor. D\u00fcnya Bankas\u0131 finansman\u0131yla ger\u00e7ekle\u015ftirilecek olan bu yat\u0131r\u0131m\u0131n imza t\u00f6renine, Manisa B\u00fcy\u00fck\u015fehir Belediye Ba\u015fkan\u0131 Besim Dutlulu kat\u0131ld\u0131. T\u00f6rende y\u00fcklenici firma ile yap\u0131m s\u00f6zle\u015fmesi imzaland\u0131. T\u00f6rene, Ba\u015fkan Dutlulu\u2019nun yan\u0131 s\u0131ra CHP Manisa Milletvekili Ahmet Vehbi Bak\u0131rl\u0131o\u011flu, K\u0131rka\u011fa\u00e7 Belediye Ba\u015fkan\u0131 \u00dcst\u00fcn D\u00f6nmez, Manisa B\u00fcy\u00fck\u015fehir Belediyesi Genel Sekreteri Burak Deste, MASK\u0130 Genel M\u00fcd\u00fcr\u00fc Ali K\u0131l\u0131\u00e7, B\u00fcy\u00fck\u015fehir Belediyesi Genel Sekreter Yard\u0131mc\u0131lar\u0131 Ahmet Ata Temiz ve Erk Kayaba\u015f, MASK\u0130 Genel M\u00fcd\u00fcr Yard\u0131mc\u0131lar\u0131 \u00d6zg\u00fcr Av\u015far ve Bircan Kaynak, B\u00fcy\u00fck\u015fehir Belediyesi ve MASK\u0130 daire ba\u015fkanlar\u0131, CHP Akhisar ve K\u0131rka\u011fa\u00e7 il\u00e7e \u00f6rg\u00fct\u00fc ile mahalle muhtarlar\u0131 kat\u0131ld\u0131.<br \/>\n<br \/>Gelenbe Mahallesi\u2019nin altyap\u0131s\u0131n\u0131n tamamen yenilenece\u011fi proje kapsam\u0131nda; 23 kilometre i\u00e7me suyu hatt\u0131, 13 kilometre kanalizasyon hatt\u0131, 2 kilometre terfili i\u00e7me suyu isale hatt\u0131, 1 adet pompa istasyonu ve 400 metrek\u00fcp kapasiteli i\u00e7me suyu deposu in\u015fa edilecek.<\/p>\n<p>&#8220;Y\u0131llarca beklenen \u00f6nemli bir yat\u0131r\u0131m&#8221;<br \/>\n<br \/>T\u00f6rende konu\u015fan Manisa B\u00fcy\u00fck\u015fehir Belediye Ba\u015fkan\u0131 Besim Dutlulu, Gelenbe Mahallesi\u2019nde hayata ge\u00e7irilecek \u00e7al\u0131\u015fman\u0131n uzun y\u0131llard\u0131r beklenen \u00f6nemli bir yat\u0131r\u0131m oldu\u011funu belirtti. Ba\u015fkan Dutlulu, merhum Ferdi Zeyrek\u2019i rahmetle anarak ba\u015flad\u0131\u011f\u0131 konu\u015fmas\u0131nda, Gelenbe\u2019nin kronikle\u015fen altyap\u0131 sorununu \u00e7\u00f6zmenin kendilerine nasip oldu\u011funu belirtti.<\/p>\n<p>&#8220;Hedefimiz 12 ayl\u0131k i\u015fi 8 ayda tamamlamak&#8221;<br \/>\n<br \/>Projenin \u0130ller Bankas\u0131 himayesinde, \u00e7ok titiz bir ihale s\u00fcreciyle hayata ge\u00e7irildi\u011fini vurgulayan Dutlulu, \u015funlar\u0131 s\u00f6yledi: &#8220;Altyap\u0131 \u00e7al\u0131\u015fmalar\u0131 do\u011fas\u0131 gere\u011fi me\u015fakkatlidir; yollar\u0131n kaz\u0131lmas\u0131, toz ve \u00e7amur ka\u00e7\u0131n\u0131lmazd\u0131r. Ancak bu zahmetin sonunda Gelenbe, modern bir altyap\u0131ya kavu\u015facak. \u0130hale s\u00fcresini 12 ay olarak planlad\u0131k ancak hedeflerimiz do\u011frultusunda bu s\u00fcreci 8 aya indirerek \u00e7al\u0131\u015fmalar\u0131 daha h\u0131zl\u0131 bitirmeyi ama\u00e7l\u0131yoruz. K\u0131rka\u011fa\u00e7\u2019taki en b\u00fcy\u00fck yat\u0131r\u0131mlardan birini ger\u00e7ekle\u015ftiriyoruz; s\u00fcreci bizzat yak\u0131ndan takip edece\u011fiz&#8221;<br \/>\n<br \/>Ba\u015fkan Dutlulu, projenin K\u0131rka\u011fa\u00e7 il\u00e7esine kazand\u0131r\u0131lmas\u0131nda eme\u011fi ge\u00e7en t\u00fcm b\u00fcrokratlara ve payda\u015flara te\u015fekk\u00fcrlerini iletti.<br \/><\/p>\n","protected":false},"excerpt":{"rendered":"<p>Manisa\u2019n\u0131n K\u0131rka\u011fa\u00e7 il\u00e7esine ba\u011fl\u0131 Gelenbe Mahallesi\u2019nde, b\u00f6lge halk\u0131n\u0131n uzun s\u00fcredir bekledi\u011fi b\u00fcy\u00fck altyap\u0131 d\u00f6n\u00fc\u015f\u00fcm\u00fc i\u00e7in d\u00fc\u011fmeye bas\u0131ld\u0131. Manisa Su ve Kanalizasyon \u0130daresi (MASK\u0130) Genel M\u00fcd\u00fcrl\u00fc\u011f\u00fc taraf\u0131ndan y\u00fcr\u00fct\u00fclecek 4 milyon Euro b\u00fct\u00e7eli proje i\u00e7in Manisa B\u00fcy\u00fck\u015fehir Belediye Ba\u015fkan\u0131 Besim Dutlulu\u2019nun kat\u0131l\u0131m\u0131yla y\u00fcklenici firma ile resmi yap\u0131m s\u00f6zle\u015fmesi imzaland\u0131. Mahalle meydan\u0131nda d\u00fczenlenen t\u00f6renle resmen ba\u015flat\u0131lan projeyle b\u00f6lgenin&#8230;<\/p>\n","protected":false},"author":1,"featured_media":92786,"comment_status":"open","ping_status":"open","sticky":false,"template":"","format":"standard","meta":{"_crdt_document":"","footnotes":""},"categories":[123],"tags":[],"class_list":["post-92785","post","type-post","status-publish","format-standard","has-post-thumbnail","hentry","category-gundem"],"_links":{"self":[{"href":"https:\/\/www.egemtv.com\/index.php?rest_route=\/wp\/v2\/posts\/92785","targetHints":{"allow":["GET"]}}],"collection":[{"href":"https:\/\/www.egemtv.com\/index.php?rest_route=\/wp\/v2\/posts"}],"about":[{"href":"https:\/\/www.egemtv.com\/index.php?rest_route=\/wp\/v2\/types\/post"}],"author":[{"embeddable":true,"href":"https:\/\/www.egemtv.com\/index.php?rest_route=\/wp\/v2\/users\/1"}],"replies":[{"embeddable":true,"href":"https:\/\/www.egemtv.com\/index.php?rest_route=%2Fwp%2Fv2%2Fcomments&post=92785"}],"version-history":[{"count":1,"href":"https:\/\/www.egemtv.com\/index.php?rest_route=\/wp\/v2\/posts\/92785\/revisions"}],"predecessor-version":[{"id":92787,"href":"https:\/\/www.egemtv.com\/index.php?rest_route=\/wp\/v2\/posts\/92785\/revisions\/92787"}],"wp:featuredmedia":[{"embeddable":true,"href":"https:\/\/www.egemtv.com\/index.php?rest_route=\/wp\/v2\/media\/92786"}],"wp:attachment":[{"href":"https:\/\/www.egemtv.com\/index.php?rest_route=%2Fwp%2Fv2%2Fmedia&parent=92785"}],"wp:term":[{"taxonomy":"category","embeddable":true,"href":"https:\/\/www.egemtv.com\/index.php?rest_route=%2Fwp%2Fv2%2Fcategories&post=92785"},{"taxonomy":"post_tag","embeddable":true,"href":"https:\/\/www.egemtv.com\/index.php?rest_route=%2Fwp%2Fv2%2Ftags&post=92785"}],"curies":[{"name":"wp","href":"https:\/\/api.w.org\/{rel}","templated":true}]}}