{"id":92782,"date":"2026-03-08T17:15:01","date_gmt":"2026-03-08T14:15:01","guid":{"rendered":"https:\/\/www.egemtv.com\/?p=92782"},"modified":"2026-03-08T17:15:03","modified_gmt":"2026-03-08T14:15:03","slug":"baskan-zencirci-8-mart-mesajini-esiyle-birlikte-verdi","status":"publish","type":"post","link":"https:\/\/www.egemtv.com\/?p=92782","title":{"rendered":"Ba\u015fkan Zencirci 8 Mart mesaj\u0131n\u0131 e\u015fiyle birlikte verdi"},"content":{"rendered":"<p>Germencik Belediye Ba\u015fkan\u0131 Burak Zencirci 8 Mart D\u00fcnya Emek\u00e7i Kad\u0131nlar G\u00fcn\u00fc sebebiyle bir mesaj yay\u0131nlad\u0131. E\u015fi Saliha Zencirci ile birlikte \u00e7ektirdi\u011fi bir foto\u011fraf karesiyle 8 Mart mesaj\u0131n\u0131 payla\u015fan Ba\u015fkan Zencirci &#8220;\u00d6zg\u00fcr, e\u015fit ve g\u00fcvenli bir ya\u015fam s\u00fcrd\u00fc\u011f\u00fc bir toplum hepimizin ortak hedefidir&#8221; diyerek toplumsal e\u015fitli\u011fe ve \u00f6zg\u00fcrl\u00fc\u011fe dikkat \u00e7ekti.<\/p>\n<p>Germencik Belediye Ba\u015fkan\u0131 Burak Zencirci 8 Mart D\u00fcnya Emek\u00e7i Kad\u0131nlar G\u00fcn\u00fc dolay\u0131s\u0131yla mesaj\u0131nda, &#8220;Kad\u0131nlar\u0131n \u00f6zg\u00fcr, e\u015fit ve g\u00fcvenli bir ya\u015fam s\u00fcrd\u00fc\u011f\u00fc bir toplum hepimizin ortak hedefidir. Kad\u0131na y\u00f6nelik \u015fiddetin, ayr\u0131mc\u0131l\u0131\u011f\u0131n ve e\u015fitsizli\u011fin ortadan kalkt\u0131\u011f\u0131 bir gelecek i\u00e7in m\u00fccadele etmek yaln\u0131zca kad\u0131nlar\u0131n de\u011fil, hepimizin sorumlulu\u011fudur. Germencik Belediyesi olarak ilk g\u00fcnden beri kad\u0131nlar\u0131n ya\u015fam\u0131n her alan\u0131nda daha g\u00fc\u00e7l\u00fc, daha g\u00f6r\u00fcn\u00fcr ve daha e\u015fit olmas\u0131 i\u00e7in \u00e7al\u0131\u015fmalar\u0131m\u0131za devam ediyoruz. Kad\u0131nlar\u0131n hak ettikleri sayg\u0131y\u0131, e\u015fitli\u011fi ve adaleti g\u00f6rd\u00fc\u011f\u00fc bir toplum i\u00e7in hep birlikte \u00e7al\u0131\u015fmaya devam edece\u011fiz. 8 Mart D\u00fcnya Emek\u00e7i Kad\u0131nlar G\u00fcn\u00fc kutlu olsun. Kad\u0131nlar\u0131n g\u00fcc\u00fc, eme\u011fi ve varl\u0131\u011f\u0131yla hayat daha g\u00fczel. G\u00fc\u00e7l\u00fc, e\u015fit ve \u00f6zg\u00fcr k\u0131z \u00e7ocuklar\u0131 ve kad\u0131nlar i\u00e7in her zaman burada olmaya devam edece\u011fiz&#8221; ifadelerine yer verdi.<br \/><\/p>\n","protected":false},"excerpt":{"rendered":"<p>Germencik Belediye Ba\u015fkan\u0131 Burak Zencirci 8 Mart D\u00fcnya Emek\u00e7i Kad\u0131nlar G\u00fcn\u00fc sebebiyle bir mesaj yay\u0131nlad\u0131. E\u015fi Saliha Zencirci ile birlikte \u00e7ektirdi\u011fi bir foto\u011fraf karesiyle 8 Mart mesaj\u0131n\u0131 payla\u015fan Ba\u015fkan Zencirci &#8220;\u00d6zg\u00fcr, e\u015fit ve g\u00fcvenli bir ya\u015fam s\u00fcrd\u00fc\u011f\u00fc bir toplum hepimizin ortak hedefidir&#8221; diyerek toplumsal e\u015fitli\u011fe ve \u00f6zg\u00fcrl\u00fc\u011fe dikkat \u00e7ekti. Germencik Belediye Ba\u015fkan\u0131 Burak Zencirci 8&#8230;<\/p>\n","protected":false},"author":1,"featured_media":92783,"comment_status":"open","ping_status":"open","sticky":false,"template":"","format":"standard","meta":{"_crdt_document":"","footnotes":""},"categories":[1],"tags":[],"class_list":["post-92782","post","type-post","status-publish","format-standard","has-post-thumbnail","hentry","category-guncel"],"_links":{"self":[{"href":"https:\/\/www.egemtv.com\/index.php?rest_route=\/wp\/v2\/posts\/92782","targetHints":{"allow":["GET"]}}],"collection":[{"href":"https:\/\/www.egemtv.com\/index.php?rest_route=\/wp\/v2\/posts"}],"about":[{"href":"https:\/\/www.egemtv.com\/index.php?rest_route=\/wp\/v2\/types\/post"}],"author":[{"embeddable":true,"href":"https:\/\/www.egemtv.com\/index.php?rest_route=\/wp\/v2\/users\/1"}],"replies":[{"embeddable":true,"href":"https:\/\/www.egemtv.com\/index.php?rest_route=%2Fwp%2Fv2%2Fcomments&post=92782"}],"version-history":[{"count":1,"href":"https:\/\/www.egemtv.com\/index.php?rest_route=\/wp\/v2\/posts\/92782\/revisions"}],"predecessor-version":[{"id":92784,"href":"https:\/\/www.egemtv.com\/index.php?rest_route=\/wp\/v2\/posts\/92782\/revisions\/92784"}],"wp:featuredmedia":[{"embeddable":true,"href":"https:\/\/www.egemtv.com\/index.php?rest_route=\/wp\/v2\/media\/92783"}],"wp:attachment":[{"href":"https:\/\/www.egemtv.com\/index.php?rest_route=%2Fwp%2Fv2%2Fmedia&parent=92782"}],"wp:term":[{"taxonomy":"category","embeddable":true,"href":"https:\/\/www.egemtv.com\/index.php?rest_route=%2Fwp%2Fv2%2Fcategories&post=92782"},{"taxonomy":"post_tag","embeddable":true,"href":"https:\/\/www.egemtv.com\/index.php?rest_route=%2Fwp%2Fv2%2Ftags&post=92782"}],"curies":[{"name":"wp","href":"https:\/\/api.w.org\/{rel}","templated":true}]}}