{"id":92779,"date":"2026-03-08T17:14:59","date_gmt":"2026-03-08T14:14:59","guid":{"rendered":"https:\/\/www.egemtv.com\/?p=92779"},"modified":"2026-03-08T17:15:01","modified_gmt":"2026-03-08T14:15:01","slug":"baskan-ozelden-8-dunya-mart-kadinlar-gunu-mesaji","status":"publish","type":"post","link":"https:\/\/www.egemtv.com\/?p=92779","title":{"rendered":"Ba\u015fkan \u00d6zel\u2019den 8 D\u00fcnya Mart Kad\u0131nlar G\u00fcn\u00fc mesaj\u0131"},"content":{"rendered":"<p>Bozdo\u011fan Belediye Ba\u015fkan\u0131 Mustafa Galip \u00d6zel, 8 Mart D\u00fcnya Kad\u0131nlar G\u00fcn\u00fc dolay\u0131s\u0131yla bir mesaj yay\u0131mlad\u0131.<\/p>\n<p>Bozdo\u011fan Belediye Ba\u015fkan\u0131 \u00d6zel 8 Mart D\u00fcnya Kad\u0131nlar G\u00fcn\u00fc dolay\u0131s\u0131yla yay\u0131mlad\u0131\u011f\u0131 mesaj\u0131nda kad\u0131nlar\u0131n toplumun temel ta\u015f\u0131 oldu\u011funu vurgulad\u0131. Ba\u015fkan \u00d6zel mesaj\u0131nda, &#8220;Gazi Mustafa Kemal Atat\u00fcrk\u2019\u00fcn \u2018D\u00fcnyada her \u015fey kad\u0131n\u0131n eseridir\u2019 s\u00f6z\u00fcnde ifade etti\u011fi gibi; hayat\u0131n her alan\u0131nda eme\u011fi, \u00fcretimi ve fedak\u00e2rl\u0131\u011f\u0131yla topluma y\u00f6n veren kad\u0131nlar\u0131m\u0131z, g\u00fc\u00e7l\u00fc bir toplumun en \u00f6nemli yap\u0131 ta\u015f\u0131d\u0131r. Ailede, e\u011fitimde, \u00fcretimde, ekonomide ve sosyal ya\u015fam\u0131n her alan\u0131nda b\u00fcy\u00fck emek veren kad\u0131nlar\u0131m\u0131z, gelece\u011fimizi \u015fekillendiren en k\u0131ymetli de\u011ferlerimizdir. Bozdo\u011fan\u2019da hayat\u0131n her alan\u0131na de\u011fer katan, \u00fcreten, \u00e7al\u0131\u015fan, emek veren ve topluma y\u00f6n veren kad\u0131nlar\u0131m\u0131zla gurur duyuyoruz. Kad\u0131nlar\u0131m\u0131z\u0131n eme\u011finin daha g\u00f6r\u00fcn\u00fcr oldu\u011fu, hak ettikleri de\u011feri g\u00f6rd\u00fckleri bir toplum i\u00e7in \u00e7al\u0131\u015fmaya devam edece\u011fiz. Bu duygu ve d\u00fc\u015f\u00fcncelerle ba\u015fta Bozdo\u011fanl\u0131 kad\u0131nlar\u0131m\u0131z olmak \u00fczere, eme\u011fiyle hayat\u0131 g\u00fczelle\u015ftiren t\u00fcm kad\u0131nlar\u0131n 8 Mart D\u00fcnya Kad\u0131nlar G\u00fcn\u00fc\u2019n\u00fc kutluyor, sa\u011fl\u0131k, mutluluk ve ba\u015far\u0131 dolu bir ya\u015fam diliyorum&#8221; ifadelerini kulland\u0131.<br \/><\/p>\n","protected":false},"excerpt":{"rendered":"<p>Bozdo\u011fan Belediye Ba\u015fkan\u0131 Mustafa Galip \u00d6zel, 8 Mart D\u00fcnya Kad\u0131nlar G\u00fcn\u00fc dolay\u0131s\u0131yla bir mesaj yay\u0131mlad\u0131. Bozdo\u011fan Belediye Ba\u015fkan\u0131 \u00d6zel 8 Mart D\u00fcnya Kad\u0131nlar G\u00fcn\u00fc dolay\u0131s\u0131yla yay\u0131mlad\u0131\u011f\u0131 mesaj\u0131nda kad\u0131nlar\u0131n toplumun temel ta\u015f\u0131 oldu\u011funu vurgulad\u0131. Ba\u015fkan \u00d6zel mesaj\u0131nda, &#8220;Gazi Mustafa Kemal Atat\u00fcrk\u2019\u00fcn \u2018D\u00fcnyada her \u015fey kad\u0131n\u0131n eseridir\u2019 s\u00f6z\u00fcnde ifade etti\u011fi gibi; hayat\u0131n her alan\u0131nda eme\u011fi, \u00fcretimi ve&#8230;<\/p>\n","protected":false},"author":1,"featured_media":92780,"comment_status":"open","ping_status":"open","sticky":false,"template":"","format":"standard","meta":{"_crdt_document":"","footnotes":""},"categories":[1],"tags":[],"class_list":["post-92779","post","type-post","status-publish","format-standard","has-post-thumbnail","hentry","category-guncel"],"_links":{"self":[{"href":"https:\/\/www.egemtv.com\/index.php?rest_route=\/wp\/v2\/posts\/92779","targetHints":{"allow":["GET"]}}],"collection":[{"href":"https:\/\/www.egemtv.com\/index.php?rest_route=\/wp\/v2\/posts"}],"about":[{"href":"https:\/\/www.egemtv.com\/index.php?rest_route=\/wp\/v2\/types\/post"}],"author":[{"embeddable":true,"href":"https:\/\/www.egemtv.com\/index.php?rest_route=\/wp\/v2\/users\/1"}],"replies":[{"embeddable":true,"href":"https:\/\/www.egemtv.com\/index.php?rest_route=%2Fwp%2Fv2%2Fcomments&post=92779"}],"version-history":[{"count":1,"href":"https:\/\/www.egemtv.com\/index.php?rest_route=\/wp\/v2\/posts\/92779\/revisions"}],"predecessor-version":[{"id":92781,"href":"https:\/\/www.egemtv.com\/index.php?rest_route=\/wp\/v2\/posts\/92779\/revisions\/92781"}],"wp:featuredmedia":[{"embeddable":true,"href":"https:\/\/www.egemtv.com\/index.php?rest_route=\/wp\/v2\/media\/92780"}],"wp:attachment":[{"href":"https:\/\/www.egemtv.com\/index.php?rest_route=%2Fwp%2Fv2%2Fmedia&parent=92779"}],"wp:term":[{"taxonomy":"category","embeddable":true,"href":"https:\/\/www.egemtv.com\/index.php?rest_route=%2Fwp%2Fv2%2Fcategories&post=92779"},{"taxonomy":"post_tag","embeddable":true,"href":"https:\/\/www.egemtv.com\/index.php?rest_route=%2Fwp%2Fv2%2Ftags&post=92779"}],"curies":[{"name":"wp","href":"https:\/\/api.w.org\/{rel}","templated":true}]}}