{"id":92776,"date":"2026-03-08T17:14:58","date_gmt":"2026-03-08T14:14:58","guid":{"rendered":"https:\/\/www.egemtv.com\/?p=92776"},"modified":"2026-03-08T17:14:59","modified_gmt":"2026-03-08T14:14:59","slug":"datcali-dunya-sampiyonu-sporcu-ali-bahcetepe-vefat-etti","status":"publish","type":"post","link":"https:\/\/www.egemtv.com\/?p=92776","title":{"rendered":"Dat\u00e7al\u0131 D\u00fcnya \u015fampiyonu sporcu Ali Bah\u00e7etepe vefat etti"},"content":{"rendered":"<p>Mu\u011fla\u2019n\u0131n Dat\u00e7a il\u00e7esinin d\u00fcnya \u00e7ap\u0131nda ba\u015far\u0131lar\u0131yla tan\u0131nan sporcusu, Taekwondo GyokPa (K\u0131r\u0131\u015f Dal\u0131) D\u00fcnya \u015eampiyonu ve 21 Guinness d\u00fcnya rekorunun sahibi Ali Bah\u00e7etepe tedavi g\u00f6rd\u00fc\u011f\u00fc hastanede hayat\u0131n\u0131 kaybetti. Bah\u00e7etepe \u00f6\u011fle namaz\u0131na m\u00fcteakip k\u0131l\u0131nan cenaze namaz\u0131n\u0131n ard\u0131ndan topra\u011fa verildi.<\/p>\n<p>Taekwondo K\u0131r\u0131\u015f Dal\u0131\u2019nda uluslararas\u0131 arenada kazand\u0131\u011f\u0131 \u015fampiyonluklarla T\u00fcrkiye\u2019nin ve Dat\u00e7a\u2019n\u0131n gururu olan Ali Bah\u00e7etepe, k\u0131rd\u0131\u011f\u0131 rekorlarla ad\u0131n\u0131 d\u00fcnya spor tarihine yazd\u0131rd\u0131. Dat\u00e7a\u2019da spor salonu i\u015fleterek gen\u00e7lere spor sevgisi a\u015f\u0131layan Bah\u00e7etepe, azmi, kararl\u0131l\u0131\u011f\u0131 ve spor ahlak\u0131yla da \u00f6rnek bir isim olarak tan\u0131nd\u0131. Tek vuru\u015fta k\u0131rd\u0131\u011f\u0131 37 beton blok ve g\u00f6\u011fs\u00fc \u00fczerinde saniyeler i\u00e7inde par\u00e7alanan onlarca blokla dikkat \u00e7eken Bah\u00e7etepe, bu ba\u015far\u0131lar\u0131yla \u2019demir yumruk\u2019 unvan\u0131n\u0131 alarak T\u00fcrk sporuna \u00f6nemli katk\u0131lar sundu.<\/p>\n<p>Edinilen bilgiye g\u00f6re, bir s\u00fcredir sa\u011fl\u0131k sorunlar\u0131 nedeniyle Bursa Devlet Hastanesi\u2019nde tedavi g\u00f6ren Bah\u00e7etepe\u2019nin durumunun son d\u00f6nemde a\u011f\u0131rla\u015ft\u0131. Doktorlar\u0131n t\u00fcm m\u00fcdahalelerine ra\u011fmen kurtar\u0131lamayan Bah\u00e7etepe hayat\u0131n\u0131 kaybetti. \u015eampiyon sporcunun vefat\u0131 spor camias\u0131nda ve Dat\u00e7a\u2019da b\u00fcy\u00fck \u00fcz\u00fcnt\u00fcye neden oldu. Ali Bah\u00e7etepe, Dat\u00e7a\u2019da \u00f6\u011fle namaz\u0131na m\u00fcteakip k\u0131l\u0131nan cenaze namaz\u0131n\u0131n ard\u0131ndan topra\u011fa verildi. Cenaze t\u00f6renine Dat\u00e7a Kaymakam\u0131 Murat At\u0131c\u0131 ba\u015fta olmak \u00fczere \u00e7ok say\u0131da vatanda\u015f kat\u0131ld\u0131.<br \/><\/p>\n","protected":false},"excerpt":{"rendered":"<p>Mu\u011fla\u2019n\u0131n Dat\u00e7a il\u00e7esinin d\u00fcnya \u00e7ap\u0131nda ba\u015far\u0131lar\u0131yla tan\u0131nan sporcusu, Taekwondo GyokPa (K\u0131r\u0131\u015f Dal\u0131) D\u00fcnya \u015eampiyonu ve 21 Guinness d\u00fcnya rekorunun sahibi Ali Bah\u00e7etepe tedavi g\u00f6rd\u00fc\u011f\u00fc hastanede hayat\u0131n\u0131 kaybetti. Bah\u00e7etepe \u00f6\u011fle namaz\u0131na m\u00fcteakip k\u0131l\u0131nan cenaze namaz\u0131n\u0131n ard\u0131ndan topra\u011fa verildi. Taekwondo K\u0131r\u0131\u015f Dal\u0131\u2019nda uluslararas\u0131 arenada kazand\u0131\u011f\u0131 \u015fampiyonluklarla T\u00fcrkiye\u2019nin ve Dat\u00e7a\u2019n\u0131n gururu olan Ali Bah\u00e7etepe, k\u0131rd\u0131\u011f\u0131 rekorlarla ad\u0131n\u0131 d\u00fcnya&#8230;<\/p>\n","protected":false},"author":1,"featured_media":92777,"comment_status":"open","ping_status":"open","sticky":false,"template":"","format":"standard","meta":{"_crdt_document":"","footnotes":""},"categories":[1],"tags":[],"class_list":["post-92776","post","type-post","status-publish","format-standard","has-post-thumbnail","hentry","category-guncel"],"_links":{"self":[{"href":"https:\/\/www.egemtv.com\/index.php?rest_route=\/wp\/v2\/posts\/92776","targetHints":{"allow":["GET"]}}],"collection":[{"href":"https:\/\/www.egemtv.com\/index.php?rest_route=\/wp\/v2\/posts"}],"about":[{"href":"https:\/\/www.egemtv.com\/index.php?rest_route=\/wp\/v2\/types\/post"}],"author":[{"embeddable":true,"href":"https:\/\/www.egemtv.com\/index.php?rest_route=\/wp\/v2\/users\/1"}],"replies":[{"embeddable":true,"href":"https:\/\/www.egemtv.com\/index.php?rest_route=%2Fwp%2Fv2%2Fcomments&post=92776"}],"version-history":[{"count":1,"href":"https:\/\/www.egemtv.com\/index.php?rest_route=\/wp\/v2\/posts\/92776\/revisions"}],"predecessor-version":[{"id":92778,"href":"https:\/\/www.egemtv.com\/index.php?rest_route=\/wp\/v2\/posts\/92776\/revisions\/92778"}],"wp:featuredmedia":[{"embeddable":true,"href":"https:\/\/www.egemtv.com\/index.php?rest_route=\/wp\/v2\/media\/92777"}],"wp:attachment":[{"href":"https:\/\/www.egemtv.com\/index.php?rest_route=%2Fwp%2Fv2%2Fmedia&parent=92776"}],"wp:term":[{"taxonomy":"category","embeddable":true,"href":"https:\/\/www.egemtv.com\/index.php?rest_route=%2Fwp%2Fv2%2Fcategories&post=92776"},{"taxonomy":"post_tag","embeddable":true,"href":"https:\/\/www.egemtv.com\/index.php?rest_route=%2Fwp%2Fv2%2Ftags&post=92776"}],"curies":[{"name":"wp","href":"https:\/\/api.w.org\/{rel}","templated":true}]}}