{"id":92773,"date":"2026-03-08T17:14:57","date_gmt":"2026-03-08T14:14:57","guid":{"rendered":"https:\/\/www.egemtv.com\/?p=92773"},"modified":"2026-03-08T17:14:58","modified_gmt":"2026-03-08T14:14:58","slug":"manisada-evinin-sultanlari-8-martta-parkeye-indi","status":"publish","type":"post","link":"https:\/\/www.egemtv.com\/?p=92773","title":{"rendered":"Manisa\u2019da &#8220;Evinin Sultanlar\u0131&#8221; 8 Mart\u2019ta parkeye indi"},"content":{"rendered":"<p>8 Mart D\u00fcnya Kad\u0131nlar G\u00fcn\u00fc etkinlikleri kapsam\u0131nda Manisa Gen\u00e7lik ve Spor \u0130l M\u00fcd\u00fcrl\u00fc\u011f\u00fc taraf\u0131ndan Manisa\u2019n\u0131n 17 il\u00e7esinde &#8220;Evinin Sultanlar\u0131&#8221; voleybol turnuvas\u0131 d\u00fczenlendi. Kad\u0131nlar\u0131n spora kat\u0131l\u0131m\u0131n\u0131 te\u015fvik etmek ve D\u00fcnya Kad\u0131nlar G\u00fcn\u00fc\u2019n\u00fc anlaml\u0131 bir etkinlikle kutlamak amac\u0131yla ger\u00e7ekle\u015ftirilen turnuva, b\u00fcy\u00fck bir ilgi ve co\u015fkuyla kar\u015f\u0131land\u0131.<br \/>\n<br \/>Manisa genelinde d\u00fczenlenen turnuvaya \u00e7ok say\u0131da kad\u0131n kat\u0131ld\u0131. Spor salonlar\u0131nda ger\u00e7ekle\u015fen m\u00fcsabakalarda kat\u0131l\u0131mc\u0131lar hem spor yapman\u0131n hem de 8 Mart D\u00fcnya Kad\u0131nlar G\u00fcn\u00fc\u2019n\u00fc birlikte kutlaman\u0131n mutlulu\u011funu ya\u015fad\u0131. B\u00fcy\u00fck bir heyecana sahne olan kar\u015f\u0131la\u015fmalar, izleyiciler taraf\u0131ndan da ilgiyle takip edildi ve ortaya renkli g\u00f6r\u00fcnt\u00fcler \u00e7\u0131kt\u0131. Turnuva sonunda dereceye giren tak\u0131mlar ile etkinli\u011fe kat\u0131lan kad\u0131n sporculara \u00e7e\u015fitli hediyeler, madalya ve kupalar takdim edildi.<br \/>\n<br \/>Yunusemre il\u00e7esinde d\u00fczenlenen programa kat\u0131lan Manisa Gen\u00e7lik ve Spor \u0130l M\u00fcd\u00fcr\u00fc Yunus \u00d6zt\u00fcrk, turnuvaya kat\u0131lan kad\u0131nlara madalya ve kupalar\u0131n\u0131 vererek sporcular\u0131 tebrik etti.<br \/>\n<br \/>Manisa Gen\u00e7lik ve Spor \u0130l M\u00fcd\u00fcr\u00fc Yunus \u00d6zt\u00fcrk, kad\u0131nlar\u0131n sporun her alan\u0131nda daha fazla yer almas\u0131n\u0131n \u00f6nemine dikkat \u00e7ekerek \u015fu ifadeleri kulland\u0131: &#8220;Kad\u0131nlar\u0131m\u0131z, toplumumuzun en g\u00fc\u00e7l\u00fc yap\u0131 ta\u015flar\u0131ndan biridir. Hayat\u0131n her alan\u0131nda oldu\u011fu gibi spor alan\u0131nda da g\u00f6sterdikleri azim, kararl\u0131l\u0131k ve ba\u015far\u0131 bizlere b\u00fcy\u00fck gurur veriyor.<br \/>\n<br \/>8 Mart D\u00fcnya Kad\u0131nlar G\u00fcn\u00fc vesilesiyle d\u00fczenledi\u011fimiz \u2018Evinin Sultanlar\u0131\u2019 voleybol turnuvas\u0131 ile hem kad\u0131nlar\u0131m\u0131z\u0131n sporla bulu\u015fmas\u0131n\u0131 hem de bu anlaml\u0131 g\u00fcn\u00fc hep birlikte co\u015fku i\u00e7erisinde kutlamay\u0131 ama\u00e7lad\u0131k. Bug\u00fcn burada g\u00f6rd\u00fc\u011f\u00fcm\u00fcz birlik, enerji ve heyecan bizlere g\u00f6steriyor ki spor; dostlu\u011fu, dayan\u0131\u015fmay\u0131 ve sa\u011fl\u0131kl\u0131 ya\u015fam\u0131 bir araya getiren en g\u00fc\u00e7l\u00fc ba\u011flardan biridir. Turnuvaya kat\u0131lan t\u00fcm kad\u0131nlar\u0131m\u0131za te\u015fekk\u00fcr ediyor, hayat\u0131n her alan\u0131nda ba\u015far\u0131lar\u0131n\u0131n devam\u0131n\u0131 diliyor ve t\u00fcm kad\u0131nlar\u0131m\u0131z\u0131n 8 Mart D\u00fcnya Kad\u0131nlar G\u00fcn\u00fc\u2019n\u00fc g\u00f6n\u00fclden kutluyorum. &#8221;<br \/>\n<br \/>\u00d6zt\u00fcrk, konu\u015fmas\u0131n\u0131n ard\u0131ndan turnuvaya kat\u0131lan kad\u0131n sporcular\u0131 tebrik ederek organizasyonda eme\u011fi ge\u00e7enlere te\u015fekk\u00fcr etti.<br \/><\/p>\n","protected":false},"excerpt":{"rendered":"<p>8 Mart D\u00fcnya Kad\u0131nlar G\u00fcn\u00fc etkinlikleri kapsam\u0131nda Manisa Gen\u00e7lik ve Spor \u0130l M\u00fcd\u00fcrl\u00fc\u011f\u00fc taraf\u0131ndan Manisa\u2019n\u0131n 17 il\u00e7esinde &#8220;Evinin Sultanlar\u0131&#8221; voleybol turnuvas\u0131 d\u00fczenlendi. Kad\u0131nlar\u0131n spora kat\u0131l\u0131m\u0131n\u0131 te\u015fvik etmek ve D\u00fcnya Kad\u0131nlar G\u00fcn\u00fc\u2019n\u00fc anlaml\u0131 bir etkinlikle kutlamak amac\u0131yla ger\u00e7ekle\u015ftirilen turnuva, b\u00fcy\u00fck bir ilgi ve co\u015fkuyla kar\u015f\u0131land\u0131. Manisa genelinde d\u00fczenlenen turnuvaya \u00e7ok say\u0131da kad\u0131n kat\u0131ld\u0131. Spor salonlar\u0131nda ger\u00e7ekle\u015fen&#8230;<\/p>\n","protected":false},"author":1,"featured_media":92774,"comment_status":"open","ping_status":"open","sticky":false,"template":"","format":"standard","meta":{"_crdt_document":"","footnotes":""},"categories":[4],"tags":[],"class_list":["post-92773","post","type-post","status-publish","format-standard","has-post-thumbnail","hentry","category-spor"],"_links":{"self":[{"href":"https:\/\/www.egemtv.com\/index.php?rest_route=\/wp\/v2\/posts\/92773","targetHints":{"allow":["GET"]}}],"collection":[{"href":"https:\/\/www.egemtv.com\/index.php?rest_route=\/wp\/v2\/posts"}],"about":[{"href":"https:\/\/www.egemtv.com\/index.php?rest_route=\/wp\/v2\/types\/post"}],"author":[{"embeddable":true,"href":"https:\/\/www.egemtv.com\/index.php?rest_route=\/wp\/v2\/users\/1"}],"replies":[{"embeddable":true,"href":"https:\/\/www.egemtv.com\/index.php?rest_route=%2Fwp%2Fv2%2Fcomments&post=92773"}],"version-history":[{"count":1,"href":"https:\/\/www.egemtv.com\/index.php?rest_route=\/wp\/v2\/posts\/92773\/revisions"}],"predecessor-version":[{"id":92775,"href":"https:\/\/www.egemtv.com\/index.php?rest_route=\/wp\/v2\/posts\/92773\/revisions\/92775"}],"wp:featuredmedia":[{"embeddable":true,"href":"https:\/\/www.egemtv.com\/index.php?rest_route=\/wp\/v2\/media\/92774"}],"wp:attachment":[{"href":"https:\/\/www.egemtv.com\/index.php?rest_route=%2Fwp%2Fv2%2Fmedia&parent=92773"}],"wp:term":[{"taxonomy":"category","embeddable":true,"href":"https:\/\/www.egemtv.com\/index.php?rest_route=%2Fwp%2Fv2%2Fcategories&post=92773"},{"taxonomy":"post_tag","embeddable":true,"href":"https:\/\/www.egemtv.com\/index.php?rest_route=%2Fwp%2Fv2%2Ftags&post=92773"}],"curies":[{"name":"wp","href":"https:\/\/api.w.org\/{rel}","templated":true}]}}