{"id":92770,"date":"2026-03-08T16:54:30","date_gmt":"2026-03-08T13:54:30","guid":{"rendered":"https:\/\/www.egemtv.com\/?p=92770"},"modified":"2026-03-08T16:54:32","modified_gmt":"2026-03-08T13:54:32","slug":"koycegiz-kaymakamligindan-kadinlara-jest","status":"publish","type":"post","link":"https:\/\/www.egemtv.com\/?p=92770","title":{"rendered":"K\u00f6yce\u011fiz Kaymakaml\u0131\u011f\u0131ndan kad\u0131nlara jest"},"content":{"rendered":"<p>Mu\u011fla\u2019n\u0131n K\u00f6yce\u011fiz il\u00e7esinde Kaymakaml\u0131k taraf\u0131ndan 8 Mart D\u00fcnya Kad\u0131nlar G\u00fcn\u00fc\u2019ne \u00f6zel sinema gecesi d\u00fczenlenecek.<\/p>\n<p>K\u00f6yce\u011fiz Kaymakaml\u0131\u011f\u0131 taraf\u0131ndan, 8 Mart D\u00fcnya Kad\u0131nlar G\u00fcn\u00fc kapsam\u0131nda kad\u0131nlara \u00f6zel sinema gecesinde \u2018Bak Postac\u0131 Geliyor\u2019 filminin g\u00f6sterimi ger\u00e7ekle\u015ftirilecek. \u2018Bak Postac\u0131 Geliyor\u2019 filmi 8 Mart Pazar g\u00fcn\u00fc, Saat 21.00\u2019da bir i\u015fletmeye ait sinema salonunda kad\u0131nlara \u00f6zel g\u00f6sterime sunulacak. K\u00f6yce\u011fiz Kaymakaml\u0131\u011f\u0131ndan yap\u0131lan a\u00e7\u0131klamada, &#8220;Kad\u0131nlar\u0131m\u0131z\u0131n bu \u00f6zel g\u00fcn\u00fcn\u00fc birlikte, keyifli bir sinema ak\u015fam\u0131 ile ta\u00e7land\u0131rmak istiyoruz. Kat\u0131l\u0131m \u00fccretsiz ve s\u0131n\u0131rl\u0131d\u0131r. T\u00fcm kad\u0131nlar\u0131m\u0131z davetlidir&#8221; ifadelerine yer verildi.<br \/><\/p>\n","protected":false},"excerpt":{"rendered":"<p>Mu\u011fla\u2019n\u0131n K\u00f6yce\u011fiz il\u00e7esinde Kaymakaml\u0131k taraf\u0131ndan 8 Mart D\u00fcnya Kad\u0131nlar G\u00fcn\u00fc\u2019ne \u00f6zel sinema gecesi d\u00fczenlenecek. K\u00f6yce\u011fiz Kaymakaml\u0131\u011f\u0131 taraf\u0131ndan, 8 Mart D\u00fcnya Kad\u0131nlar G\u00fcn\u00fc kapsam\u0131nda kad\u0131nlara \u00f6zel sinema gecesinde \u2018Bak Postac\u0131 Geliyor\u2019 filminin g\u00f6sterimi ger\u00e7ekle\u015ftirilecek. \u2018Bak Postac\u0131 Geliyor\u2019 filmi 8 Mart Pazar g\u00fcn\u00fc, Saat 21.00\u2019da bir i\u015fletmeye ait sinema salonunda kad\u0131nlara \u00f6zel g\u00f6sterime sunulacak. K\u00f6yce\u011fiz Kaymakaml\u0131\u011f\u0131ndan yap\u0131lan&#8230;<\/p>\n","protected":false},"author":1,"featured_media":92771,"comment_status":"open","ping_status":"open","sticky":false,"template":"","format":"standard","meta":{"_crdt_document":"","footnotes":""},"categories":[1],"tags":[],"class_list":["post-92770","post","type-post","status-publish","format-standard","has-post-thumbnail","hentry","category-guncel"],"_links":{"self":[{"href":"https:\/\/www.egemtv.com\/index.php?rest_route=\/wp\/v2\/posts\/92770","targetHints":{"allow":["GET"]}}],"collection":[{"href":"https:\/\/www.egemtv.com\/index.php?rest_route=\/wp\/v2\/posts"}],"about":[{"href":"https:\/\/www.egemtv.com\/index.php?rest_route=\/wp\/v2\/types\/post"}],"author":[{"embeddable":true,"href":"https:\/\/www.egemtv.com\/index.php?rest_route=\/wp\/v2\/users\/1"}],"replies":[{"embeddable":true,"href":"https:\/\/www.egemtv.com\/index.php?rest_route=%2Fwp%2Fv2%2Fcomments&post=92770"}],"version-history":[{"count":1,"href":"https:\/\/www.egemtv.com\/index.php?rest_route=\/wp\/v2\/posts\/92770\/revisions"}],"predecessor-version":[{"id":92772,"href":"https:\/\/www.egemtv.com\/index.php?rest_route=\/wp\/v2\/posts\/92770\/revisions\/92772"}],"wp:featuredmedia":[{"embeddable":true,"href":"https:\/\/www.egemtv.com\/index.php?rest_route=\/wp\/v2\/media\/92771"}],"wp:attachment":[{"href":"https:\/\/www.egemtv.com\/index.php?rest_route=%2Fwp%2Fv2%2Fmedia&parent=92770"}],"wp:term":[{"taxonomy":"category","embeddable":true,"href":"https:\/\/www.egemtv.com\/index.php?rest_route=%2Fwp%2Fv2%2Fcategories&post=92770"},{"taxonomy":"post_tag","embeddable":true,"href":"https:\/\/www.egemtv.com\/index.php?rest_route=%2Fwp%2Fv2%2Ftags&post=92770"}],"curies":[{"name":"wp","href":"https:\/\/api.w.org\/{rel}","templated":true}]}}