{"id":92767,"date":"2026-03-08T16:34:53","date_gmt":"2026-03-08T13:34:53","guid":{"rendered":"https:\/\/www.egemtv.com\/?p=92767"},"modified":"2026-03-08T16:34:55","modified_gmt":"2026-03-08T13:34:55","slug":"baskan-cemil-tugay-mucadeleyi-lafta-degil-gercekte-yapmak-gerekir","status":"publish","type":"post","link":"https:\/\/www.egemtv.com\/?p=92767","title":{"rendered":"Ba\u015fkan Cemil Tugay: &#8220;M\u00fccadeleyi lafta de\u011fil, ger\u00e7ekte yapmak gerekir&#8221;"},"content":{"rendered":"<p>\u0130zmir B\u00fcy\u00fck\u015fehir Belediye Ba\u015fkan\u0131 Cemil Tugay, 8 Mart D\u00fcnya Kad\u0131nlar G\u00fcn\u00fc\u2019nde G\u00fczelbah\u00e7e\u2019de hizmete giren G\u00fcl\u015fah Durbay Ya\u015fam Merkezi\u2019nin a\u00e7\u0131l\u0131\u015f\u0131na kat\u0131ld\u0131. Tugay, konu\u015fmas\u0131nda hem merhum G\u00fcl\u015fah Durbay\u2019\u0131 and\u0131 hem kad\u0131n m\u00fccadelesine vurgu yaparak, &#8220;Bug\u00fcn, G\u00fcl\u015fah gibi m\u00fccadele eden kad\u0131nlar\u0131 anma ve onlar\u0131n hak ve \u00f6zg\u00fcrl\u00fck m\u00fccadelesini kutlama g\u00fcn\u00fcd\u00fcr. Annesine, karde\u015fine, k\u0131z \u00e7ocu\u011funa sayg\u0131s\u0131 olan herkesin bu m\u00fccadelenin par\u00e7as\u0131 olmas\u0131 gerekir. Bu m\u00fccadeleyi lafta de\u011fil, ger\u00e7ekte yapmak gerekir&#8221; dedi.<br \/>\n<br \/>\u0130zmir B\u00fcy\u00fck\u015fehir Belediye Ba\u015fkan\u0131 Cemil Tugay, G\u00fczelbah\u00e7e Belediyesi taraf\u0131ndan Yelki Mahallesi\u2019nde yap\u0131m\u0131 tamamlanan G\u00fcl\u015fah Durbay Ya\u015fam Merkezi\u2019nin a\u00e7\u0131l\u0131\u015f\u0131na kat\u0131ld\u0131. Manisa\u2019da se\u00e7ilen ilk kad\u0131n belediye ba\u015fkan\u0131 olarak \u015eehzadeler Belediye Ba\u015fkanl\u0131\u011f\u0131 g\u00f6revini y\u00fcr\u00fct\u00fcrken m\u00fccadele etti\u011fi hastal\u0131k nedeniyle hayat\u0131n\u0131 kaybeden merhum G\u00fcl\u015fah Durbay\u2019\u0131n ad\u0131n\u0131 ta\u015f\u0131yan merkez, 8 Mart D\u00fcnya Emek\u00e7i Kad\u0131nlar G\u00fcn\u00fc\u2019nde kap\u0131lar\u0131n\u0131 a\u00e7t\u0131. Durbay\u2019\u0131n anne ve babas\u0131 Fatma ile Osman Durbay\u2019\u0131n da yer ald\u0131\u011f\u0131 programa G\u00fczelbah\u00e7e Belediye Ba\u015fkan\u0131 Mustafa G\u00fcnay, Cumhuriyet Halk Partisi (CHP) Genel Ba\u015fkan Yard\u0131mc\u0131s\u0131 G\u00fcldem Atabay, CHP \u0130zmir milletvekilleri Ednan Arslan ve Salih Uzun, Manisa Milletvekili Ahmet Vehbi Bak\u0131rl\u0131o\u011flu, CHP Genel Merkez y\u00f6neticileri, CHP \u0130zmir \u0130l Ba\u015fkan\u0131 \u00c7a\u011fatay G\u00fc\u00e7 ve y\u00f6netim kurulu \u00fcyeleri, \u0130zmir B\u00fcy\u00fck\u015fehir Belediye Meclisi CHP Grup Ba\u015fkan Vekili Altan \u0130nan\u00e7, CHP \u0130zmir \u00d6rg\u00fct\u00fc\u2019n\u00fcn il\u00e7e ba\u015fkanlar\u0131 ve y\u00f6neticileri, \u0130zmir ve Manisa\u2019da g\u00f6rev yapan belediye ba\u015fkanlar\u0131, \u00f6nceki d\u00f6nem milletvekilleri, siyasi parti temsilcileri, belediye meclis \u00fcyeleri, b\u00fcrokratlar, mahalle muhtarlar\u0131 ve \u00e7ok say\u0131da vatanda\u015f kat\u0131ld\u0131. Programda konu\u015fmalar \u00f6ncesinde, G\u00fcl\u015fah Durbay\u2019\u0131n hayat\u0131ndan kesitlerin yer ald\u0131\u011f\u0131 ve 8 Mart D\u00fcnya Kad\u0131nlar G\u00fcn\u00fc ile kad\u0131n m\u00fccadelesinin \u00f6nemini anlatan k\u0131sa filmler g\u00f6sterildi.<\/p>\n<p>&#8220;Kayb\u0131ndan sonra \u00fcz\u00fcnt\u00fcm\u00fcz dinmedi&#8221;<br \/>\n<br \/>\u0130zmir B\u00fcy\u00fck\u015fehir Belediye Ba\u015fkan\u0131 Cemil Tugay, a\u00e7\u0131l\u0131\u015fta yapt\u0131\u011f\u0131 konu\u015fmada G\u00fcl\u015fah Durbay\u2019\u0131n ad\u0131n\u0131n b\u00f6yle bir ya\u015fam merkezinde ya\u015fat\u0131lmas\u0131n\u0131n \u00e7ok anlaml\u0131 oldu\u011funu belirtti. Durbay\u2019\u0131 uzun y\u0131llard\u0131r tan\u0131d\u0131\u011f\u0131n\u0131 ifade eden Tugay, &#8220;Kayb\u0131ndan sonra \u00fcz\u00fcnt\u00fcm\u00fcz dinmedi. Nezaketi, zarafeti ve ilkeleriyle \u00e7ok iyi bir CHP\u2019liydi. Manisa\u2019da ilk kad\u0131n belediye ba\u015fkan\u0131 olarak tarihe ge\u00e7ti. \u00c7al\u0131\u015fkanl\u0131\u011f\u0131 ve d\u00fcr\u00fcstl\u00fc\u011f\u00fcyle \u00f6zellikle gen\u00e7 k\u0131zlara \u00f6rnek oldu. Onu kaybetmi\u015f saym\u0131yoruz; ad\u0131n\u0131 ve hat\u0131ras\u0131n\u0131 ya\u015fatmaya devam edece\u011fiz&#8221; dedi.<\/p>\n<p>&#8220;\u0130zmir Cumhuriyet\u2019in kentidir&#8221;<br \/>\n<br \/>G\u00fcncel konulara de\u011finen Ba\u015fkan Tugay, &#8220;T\u00fcrkiye\u2019de kad\u0131nlar\u0131n ve gen\u00e7lerin en \u00f6zg\u00fcr ya\u015fad\u0131\u011f\u0131, haklar\u0131n\u0131n en \u00e7ok korundu\u011fu ve sosyal ile i\u015f ya\u015fam\u0131nda sayg\u0131 g\u00f6rd\u00fc\u011f\u00fc kent \u0130zmir\u2019dir. \u0130zmir, Cumhuriyet\u2019in kentidir. Atat\u00fcrk\u2019\u00fcn en de\u011fer verdi\u011fi \u015fehirlerden biri olmu\u015f; annesini bize emanet etmi\u015f, buradan bir kad\u0131nla evlenmi\u015f ve \u0130ktisat Kongresi\u2019ni burada d\u00fczenlemi\u015ftir. Kentimiz cumhuriyet\u00e7i, yurtsever ve do\u011faya, insana sayg\u0131l\u0131d\u0131r. Atat\u00fcrk\u2019\u00fcn bu miras\u0131n\u0131 hep koruduk ve gereken duru\u015fu g\u00f6sterdik. Geriye gitmeyi ama\u00e7layanlar\u0131n \u0130zmir\u2019i sevmesini beklemiyoruz. Biz ise sadece \u0130zmir\u2019de de\u011fil, T\u00fcrkiye\u2019nin her yerinde yapt\u0131\u011f\u0131m\u0131z ve yapaca\u011f\u0131m\u0131z hizmetlerle \u00f6rnek olmaya devam edece\u011fiz. \u0130zmir\u2019le, \u0130zmir\u2019in kad\u0131nlar\u0131 ve cumhuriyet\u00e7i insanlar\u0131yla gurur duyuyoruz ve onlar\u0131 temsil etmeye devam edece\u011fiz&#8221; dedi.<\/p>\n<p>&#8220;M\u00fccadeleyi lafta de\u011fil ger\u00e7ekte yapmak gerekir&#8221;<br \/>\n<br \/>8 Mart D\u00fcnya Kad\u0131nlar G\u00fcn\u00fc \u00f6zelinde konu\u015fan Ba\u015fkan Tugay, &#8220;8 Mart sadece kutlama g\u00fcn\u00fc de\u011fildir; hak arama ve m\u00fccadele g\u00fcn\u00fcd\u00fcr. Ancak ben yine de bir kutlaman\u0131n yap\u0131lmas\u0131 gerekti\u011fini d\u00fc\u015f\u00fcn\u00fcyorum. Bug\u00fcn, G\u00fcl\u015fah gibi m\u00fccadele eden kad\u0131nlar\u0131 anma ve onlar\u0131n hak ve \u00f6zg\u00fcrl\u00fck m\u00fccadelesini kutlama g\u00fcn\u00fcd\u00fcr. Kad\u0131n haklar\u0131 i\u00e7in m\u00fccadele edecek ki\u015filer sadece kad\u0131nlardan ibaret de\u011fildir. Annesine, karde\u015fine, k\u0131z \u00e7ocu\u011funa sayg\u0131s\u0131 olan herkesin bu m\u00fccadelenin par\u00e7as\u0131 olmas\u0131 gerekir. Bu m\u00fccadeleyi lafta de\u011fil, ger\u00e7ekte yapmak gerekir. Kad\u0131nlar\u0131n yan\u0131nda yer almak ve onlar\u0131 desteklemek \u015fartt\u0131r. Atat\u00fcrk\u2019\u00fcn de dedi\u011fi gibi \u2018Yery\u00fcz\u00fcnde her \u015fey kad\u0131n\u0131n eseridir.\u2019 T\u00fcrkiye\u2019nin ilerlemesi ve sorunlar\u0131n \u00e7\u00f6z\u00fcm\u00fc i\u00e7in kad\u0131nlar\u0131n her alanda erkeklerle e\u015fit olmas\u0131 \u015fartt\u0131r. \u00d6nce kafalarda de\u011fi\u015fim, sonra eylemlerde de\u011fi\u015fim gereklidir. Bunu ger\u00e7ekle\u015ftirecek olan sizlersiniz. Bu g\u00fczel tesis G\u00fczelbah\u00e7e\u2019mize hay\u0131rl\u0131 olsun&#8221; dedi.<\/p>\n<p>Atabay\u2019dan Durbay ailesine te\u015fekk\u00fcr<br \/>\n<br \/>CHP Genel Ba\u015fkan Yard\u0131mc\u0131s\u0131 G\u00fcldem Atabay ise \u015fu ifadelere yer verdi: &#8220;G\u00fcl\u015fah\u2019\u0131n ailesine te\u015fekk\u00fcr ediyorum. Bir anne ve baban\u0131n ne kadar yol a\u00e7t\u0131\u011f\u0131n\u0131 biliyorum; g\u00f6zya\u015flar\u0131ma hakim olamad\u0131m. Bu b\u00fcy\u00fck ve ac\u0131 bir kay\u0131p. G\u00fcl\u015fah gibi ba\u015fkanlar \u00e7o\u011falacak; aram\u0131zda varlar ve \u00e7\u0131kacaklar. Onlar\u0131n sava\u015f\u00e7\u0131 ruhlar\u0131na destek olan, \u00f6zg\u00fcveni y\u00fcksek erkeklerle \u00e7al\u0131\u015f\u0131yoruz, bu \u00e7ok \u00f6nemli. \u0130zmir\u2019deki e\u015fitlik ve \u00f6zg\u00fcrl\u00fck ruhunu yaymay\u0131 ama\u00e7l\u0131yoruz. Kad\u0131n yoksullu\u011funun fark\u0131nday\u0131m. Kad\u0131n, toplumun y\u00fczde 50\u2019sine sahip \u00f6nemli bir g\u00fc\u00e7t\u00fcr. Ailesine, b\u00f6ylesine de\u011ferli ve g\u00fc\u00e7l\u00fc bir kad\u0131n yeti\u015ftirdi\u011fi i\u00e7in te\u015fekk\u00fcr ediyorum.&#8221;<\/p>\n<p>&#8220;Durbay ailesinin m\u00fctevaz\u0131l\u0131\u011f\u0131n\u0131 g\u00f6rd\u00fcm&#8221;<br \/>\n<br \/>T\u00f6rende konu\u015fan CHP \u0130zmir \u0130l Ba\u015fkan\u0131 \u00c7a\u011fatay G\u00fc\u00e7, &#8220;8 Mart D\u00fcnya Kad\u0131nlar G\u00fcn\u00fc\u2019n\u00fc kutluyorum. Durbay ailesinin tevazusunu ve halkla b\u00fct\u00fcnle\u015fik duru\u015funu cenazede g\u00f6rm\u00fc\u015ft\u00fcm. Bu m\u00fctevaz\u0131l\u0131k Ferdi Ba\u015fkan\u2019da da, \u0130zmir\u2019de Cemil Ba\u015fkan\u2019da da ve vekillerimizde de var. M\u00fccadele ediyoruz ve halk\u0131n aras\u0131nday\u0131z. Bu merkezin hay\u0131rl\u0131 ve u\u011furlu olmas\u0131n\u0131 diliyorum&#8221; dedi.<\/p>\n<p>&#8220;Bir tabela olarak kalmayacak&#8221;<br \/>\n<br \/>G\u00fczelbah\u00e7e Belediye Ba\u015fkan\u0131 Mustafa G\u00fcnay da, &#8220;A\u00e7t\u0131\u011f\u0131m\u0131z ya\u015fam merkezi ile G\u00fcl\u015fah her y\u00f6n\u00fcyle G\u00fczelbah\u00e7e\u2019de ya\u015fayacak. Buras\u0131 sadece bir tabela olarak kalmayacak. Merkez, her zaman kad\u0131nlar i\u00e7in en b\u00fcy\u00fck m\u00fccadeleyi verece\u011fimiz bir yer olacak. Kad\u0131n\u0131n ve gencin olmad\u0131\u011f\u0131 yerde iktidar kurulamaz. Hep birlikte aya\u011fa kalkal\u0131m&#8221; \u015feklinde konu\u015ftu.<\/p>\n<p>&#8220;Art\u0131k onun hayallerini ger\u00e7ekle\u015ftirmek bizlere d\u00fc\u015fecek&#8221;<br \/>\n<br \/>Durbay\u2019\u0131n vefat\u0131ndan dolay\u0131 b\u00fcy\u00fck \u00fcz\u00fcnt\u00fc duydu\u011funu ifade eden CHP Manisa Milletvekili Ahmet Vehbi Bak\u0131rl\u0131o\u011flu da, &#8220;G\u00fcl\u015fah \u00e7ok inat\u00e7\u0131, \u00e7al\u0131\u015fkan, inan\u00e7l\u0131 birisiydi. Hastal\u0131\u011f\u0131na ra\u011fmen \u00e7al\u0131\u015ft\u0131. Hayalleri vard\u0131, onlar\u0131 s\u00f6ylerken bile heyecanlan\u0131yordu. Bu merkez onun hayallerinden biri olacak. Art\u0131k onun hayallerini ger\u00e7ekle\u015ftirmek bizlere d\u00fc\u015fecek&#8221; diye konu\u015ftu.<\/p>\n<p>Mor balonlar g\u00f6ky\u00fcz\u00fcne b\u0131rak\u0131ld\u0131<br \/>\n<br \/>G\u00fczelbah\u00e7e Belediyesi Kad\u0131n ve Aile Hizmetleri M\u00fcd\u00fcr\u00fc Duygu Y\u0131lmaz, Yelki Mahalle Muhtar\u0131 Ay\u015fe G\u00f6rg\u00fcl\u00fc, G\u00fczelbah\u00e7e Belediyesi Meclis \u00dcyesi Gizem G\u00f6\u00e7t\u00fc ve CHP G\u00fczelbah\u00e7e \u0130l\u00e7e Ba\u015fkan\u0131 Devrim Seyrek de konu\u015fmalar\u0131nda ya\u015fam merkezinin il\u00e7eye kazand\u0131r\u0131lmas\u0131ndan dolay\u0131 duyduklar\u0131 memnuniyeti payla\u015ft\u0131. \u015eiddet ve kad\u0131nlara y\u00f6nelik cinayetlere tepki g\u00f6stermek amac\u0131yla mor balonlar g\u00f6ky\u00fcz\u00fcne b\u0131rak\u0131ld\u0131. Ard\u0131ndan merkezin a\u00e7\u0131l\u0131\u015f kurdelesi kesildi. Ba\u015fkan Tugay ve protokol \u00fcyeleri yeni a\u00e7\u0131lan ya\u015fam merkezini gezdikten sonra t\u00f6ren sona erdi.<br \/><\/p>\n","protected":false},"excerpt":{"rendered":"<p>\u0130zmir B\u00fcy\u00fck\u015fehir Belediye Ba\u015fkan\u0131 Cemil Tugay, 8 Mart D\u00fcnya Kad\u0131nlar G\u00fcn\u00fc\u2019nde G\u00fczelbah\u00e7e\u2019de hizmete giren G\u00fcl\u015fah Durbay Ya\u015fam Merkezi\u2019nin a\u00e7\u0131l\u0131\u015f\u0131na kat\u0131ld\u0131. Tugay, konu\u015fmas\u0131nda hem merhum G\u00fcl\u015fah Durbay\u2019\u0131 and\u0131 hem kad\u0131n m\u00fccadelesine vurgu yaparak, &#8220;Bug\u00fcn, G\u00fcl\u015fah gibi m\u00fccadele eden kad\u0131nlar\u0131 anma ve onlar\u0131n hak ve \u00f6zg\u00fcrl\u00fck m\u00fccadelesini kutlama g\u00fcn\u00fcd\u00fcr. Annesine, karde\u015fine, k\u0131z \u00e7ocu\u011funa sayg\u0131s\u0131 olan herkesin bu&#8230;<\/p>\n","protected":false},"author":1,"featured_media":92768,"comment_status":"open","ping_status":"open","sticky":false,"template":"","format":"standard","meta":{"_crdt_document":"","footnotes":""},"categories":[1],"tags":[],"class_list":["post-92767","post","type-post","status-publish","format-standard","has-post-thumbnail","hentry","category-guncel"],"_links":{"self":[{"href":"https:\/\/www.egemtv.com\/index.php?rest_route=\/wp\/v2\/posts\/92767","targetHints":{"allow":["GET"]}}],"collection":[{"href":"https:\/\/www.egemtv.com\/index.php?rest_route=\/wp\/v2\/posts"}],"about":[{"href":"https:\/\/www.egemtv.com\/index.php?rest_route=\/wp\/v2\/types\/post"}],"author":[{"embeddable":true,"href":"https:\/\/www.egemtv.com\/index.php?rest_route=\/wp\/v2\/users\/1"}],"replies":[{"embeddable":true,"href":"https:\/\/www.egemtv.com\/index.php?rest_route=%2Fwp%2Fv2%2Fcomments&post=92767"}],"version-history":[{"count":1,"href":"https:\/\/www.egemtv.com\/index.php?rest_route=\/wp\/v2\/posts\/92767\/revisions"}],"predecessor-version":[{"id":92769,"href":"https:\/\/www.egemtv.com\/index.php?rest_route=\/wp\/v2\/posts\/92767\/revisions\/92769"}],"wp:featuredmedia":[{"embeddable":true,"href":"https:\/\/www.egemtv.com\/index.php?rest_route=\/wp\/v2\/media\/92768"}],"wp:attachment":[{"href":"https:\/\/www.egemtv.com\/index.php?rest_route=%2Fwp%2Fv2%2Fmedia&parent=92767"}],"wp:term":[{"taxonomy":"category","embeddable":true,"href":"https:\/\/www.egemtv.com\/index.php?rest_route=%2Fwp%2Fv2%2Fcategories&post=92767"},{"taxonomy":"post_tag","embeddable":true,"href":"https:\/\/www.egemtv.com\/index.php?rest_route=%2Fwp%2Fv2%2Ftags&post=92767"}],"curies":[{"name":"wp","href":"https:\/\/api.w.org\/{rel}","templated":true}]}}