{"id":92710,"date":"2026-03-08T11:35:50","date_gmt":"2026-03-08T08:35:50","guid":{"rendered":"https:\/\/www.egemtv.com\/?p=92710"},"modified":"2026-03-08T11:35:51","modified_gmt":"2026-03-08T08:35:51","slug":"baskan-cercioglu-kadininin-gucuyle-calismaya-devam-edecegiz","status":"publish","type":"post","link":"https:\/\/www.egemtv.com\/?p=92710","title":{"rendered":"Ba\u015fkan \u00c7er\u00e7io\u011flu: &#8220;Kad\u0131n\u0131n\u0131n g\u00fcc\u00fcyle \u00e7al\u0131\u015fmaya devam edece\u011fiz&#8221;"},"content":{"rendered":"<p>Cumhurba\u015fkan\u0131 Recep Tayyip Erdo\u011fan ve e\u015fi Emine Erdo\u011fan\u2019\u0131n te\u015frifleriyle d\u00fczenlenen 8 Mart D\u00fcnya Kad\u0131nlar G\u00fcn\u00fc iftar program\u0131na kat\u0131lan Ayd\u0131n B\u00fcy\u00fck\u015fehir Belediye Ba\u015fkan\u0131 \u00d6zlem \u00c7er\u00e7io\u011flu, &#8220;Kad\u0131n\u0131n g\u00fcc\u00fcyle \u00e7al\u0131\u015fmaya devam edece\u011fiz&#8221; dedi.<\/p>\n<p>Cumhurba\u015fkan\u0131 Recep Tayyip Erdo\u011fan ve e\u015fi Emine Erdo\u011fan\u2019\u0131n te\u015frifleriyle \u20198 Mart D\u00fcnya Kad\u0131nlar G\u00fcn\u00fc\u2019 dolay\u0131s\u0131yla \u2019S\u00fcrd\u00fcr\u00fclebilir Kalk\u0131nmada Kad\u0131n Hamlesi\u2019 temas\u0131yla d\u00fczenlenen iftar program\u0131 d\u00fczenlendi. \u0130ftar program\u0131na Ayd\u0131n B\u00fcy\u00fck\u015fehir Belediye Ba\u015fkan\u0131 \u00d6zlem \u00c7er\u00e7io\u011flu da kat\u0131l\u0131m g\u00f6sterdi. \u0130ftar program\u0131nda bir s\u00fcre Cumhurba\u015fkan\u0131 Erdo\u011fan ile sohbet eden Ba\u015fkan \u00c7er\u00e7io\u011flu, &#8220;Cumhurba\u015fkan\u0131m\u0131z Recep Tayyip Erdo\u011fan ve sayg\u0131de\u011fer Emine Erdo\u011fan Han\u0131mefendi\u2019nin te\u015frifleriyle, 8 Mart D\u00fcnya Kad\u0131nlar G\u00fcn\u00fc dolay\u0131s\u0131yla d\u00fczenlenen iftar program\u0131na kat\u0131ld\u0131k. Kad\u0131n\u0131n g\u00fcc\u00fcyle Ayd\u0131n\u0131m\u0131z ve \u00fclkemiz i\u00e7in \u00e7al\u0131\u015fmaya, milletimize hizmet etmeye devam edece\u011fiz&#8221; ifadelerini kulland\u0131.<br \/><\/p>\n","protected":false},"excerpt":{"rendered":"<p>Cumhurba\u015fkan\u0131 Recep Tayyip Erdo\u011fan ve e\u015fi Emine Erdo\u011fan\u2019\u0131n te\u015frifleriyle d\u00fczenlenen 8 Mart D\u00fcnya Kad\u0131nlar G\u00fcn\u00fc iftar program\u0131na kat\u0131lan Ayd\u0131n B\u00fcy\u00fck\u015fehir Belediye Ba\u015fkan\u0131 \u00d6zlem \u00c7er\u00e7io\u011flu, &#8220;Kad\u0131n\u0131n g\u00fcc\u00fcyle \u00e7al\u0131\u015fmaya devam edece\u011fiz&#8221; dedi. Cumhurba\u015fkan\u0131 Recep Tayyip Erdo\u011fan ve e\u015fi Emine Erdo\u011fan\u2019\u0131n te\u015frifleriyle \u20198 Mart D\u00fcnya Kad\u0131nlar G\u00fcn\u00fc\u2019 dolay\u0131s\u0131yla \u2019S\u00fcrd\u00fcr\u00fclebilir Kalk\u0131nmada Kad\u0131n Hamlesi\u2019 temas\u0131yla d\u00fczenlenen iftar program\u0131 d\u00fczenlendi. \u0130ftar&#8230;<\/p>\n","protected":false},"author":1,"featured_media":92711,"comment_status":"open","ping_status":"open","sticky":false,"template":"","format":"standard","meta":{"_crdt_document":"","footnotes":""},"categories":[1],"tags":[],"class_list":["post-92710","post","type-post","status-publish","format-standard","has-post-thumbnail","hentry","category-guncel"],"_links":{"self":[{"href":"https:\/\/www.egemtv.com\/index.php?rest_route=\/wp\/v2\/posts\/92710","targetHints":{"allow":["GET"]}}],"collection":[{"href":"https:\/\/www.egemtv.com\/index.php?rest_route=\/wp\/v2\/posts"}],"about":[{"href":"https:\/\/www.egemtv.com\/index.php?rest_route=\/wp\/v2\/types\/post"}],"author":[{"embeddable":true,"href":"https:\/\/www.egemtv.com\/index.php?rest_route=\/wp\/v2\/users\/1"}],"replies":[{"embeddable":true,"href":"https:\/\/www.egemtv.com\/index.php?rest_route=%2Fwp%2Fv2%2Fcomments&post=92710"}],"version-history":[{"count":1,"href":"https:\/\/www.egemtv.com\/index.php?rest_route=\/wp\/v2\/posts\/92710\/revisions"}],"predecessor-version":[{"id":92712,"href":"https:\/\/www.egemtv.com\/index.php?rest_route=\/wp\/v2\/posts\/92710\/revisions\/92712"}],"wp:featuredmedia":[{"embeddable":true,"href":"https:\/\/www.egemtv.com\/index.php?rest_route=\/wp\/v2\/media\/92711"}],"wp:attachment":[{"href":"https:\/\/www.egemtv.com\/index.php?rest_route=%2Fwp%2Fv2%2Fmedia&parent=92710"}],"wp:term":[{"taxonomy":"category","embeddable":true,"href":"https:\/\/www.egemtv.com\/index.php?rest_route=%2Fwp%2Fv2%2Fcategories&post=92710"},{"taxonomy":"post_tag","embeddable":true,"href":"https:\/\/www.egemtv.com\/index.php?rest_route=%2Fwp%2Fv2%2Ftags&post=92710"}],"curies":[{"name":"wp","href":"https:\/\/api.w.org\/{rel}","templated":true}]}}