{"id":92707,"date":"2026-03-08T11:35:49","date_gmt":"2026-03-08T08:35:49","guid":{"rendered":"https:\/\/www.egemtv.com\/?p=92707"},"modified":"2026-03-08T11:35:49","modified_gmt":"2026-03-08T08:35:49","slug":"aydinda-kara-defter-cetesine-operasyon-4-tutuklama","status":"publish","type":"post","link":"https:\/\/www.egemtv.com\/?p=92707","title":{"rendered":"Ayd\u0131n\u2019da \u2019Kara Defter\u2019 \u00e7etesine operasyon: 4 tutuklama"},"content":{"rendered":"<p>Ayd\u0131n\u2019da tehdit ve silah zoruyla ma\u011fdurlardan \u00e7ek ve senet ald\u0131klar\u0131, bu belgeler \u00fczerinden icra takibi ba\u015flatarak haciz yoluyla l\u00fcks ara\u00e7 ve ta\u015f\u0131nmazlara el koyduklar\u0131 belirlenen \u2019Kara Defter\u2019 adl\u0131 organize su\u00e7 \u00e7etesine y\u00f6nelik operasyonda g\u00f6zalt\u0131na al\u0131nan 10 \u015f\u00fcpheliden 4\u2019\u00fc tutukland\u0131.<\/p>\n<p>Edinilen bilgiye g\u00f6re, Ayd\u0131n \u0130l Jandarma Komutanl\u0131\u011f\u0131 KOM \u015eube M\u00fcd\u00fcrl\u00fc\u011f\u00fc ekiplerince S\u00f6ke il\u00e7esi ba\u015fta olmak \u00fczere \u00e7evre il ve il\u00e7elerde faaliyet g\u00f6sterdi\u011fi belirlenen \u2019Kara Defter\u2019 adl\u0131 organize su\u00e7 \u00f6rg\u00fct\u00fcne y\u00f6nelik \u00e7al\u0131\u015fma ba\u015flat\u0131ld\u0131. Yap\u0131lan teknik ve fiziki takipte, \u015f\u00fcphelilerin ma\u011fdurlardan tehdit ve silah zoruyla \u00e7ek ve senet ald\u0131klar\u0131, bu belgeler \u00fczerinden icra takibi ba\u015flatarak haciz yoluyla l\u00fcks ara\u00e7 ve ta\u015f\u0131nmazlara el koyduklar\u0131 tespit edildi. Ayr\u0131ca \u015f\u00fcphelilerin y\u00fcksek faiz kar\u015f\u0131l\u0131\u011f\u0131nda bor\u00e7 para vererek ma\u011fdurlar\u0131 i\u015f yeri ve ikametlerinde bask\u0131 alt\u0131na ald\u0131klar\u0131 ve tehdit ettikleri belirlendi. Operasyon i\u00e7in d\u00fc\u011fmeye basan jandarma ekipleri, Ayd\u0131n merkezli ger\u00e7ekle\u015ftirdikleri operasyonda 10 \u015f\u00fcpheyi S\u00f6ke\u2019de yakalanarak g\u00f6zalt\u0131na ald\u0131. \u015e\u00fcphelilerin ikametlerinde yap\u0131lan aramalarda 10 cep telefonu, 10 SIM kart, 1 senet, 3 bin 900 TL nakit para, 1 adet tefecilik konulu s\u00f6zle\u015fme senedi, tefecilik su\u00e7unda kullan\u0131ld\u0131\u011f\u0131 de\u011ferlendirilen 75 bo\u015f senet ile tefecilik konulu \u00e7eklerle ilgili dilek\u00e7e ele ge\u00e7irilerek el konuldu.<\/p>\n<p>Jandarmadaki i\u015flemlerinin ard\u0131ndan S\u00f6ke Cumhuriyet Savc\u0131l\u0131\u011f\u0131na sevk edilen \u015f\u00fcphelilerden 4\u2019\u00fc \u00e7\u0131kar\u0131ld\u0131klar\u0131 mahkemece tutuklan\u0131rken, 5 \u015f\u00fcpheli hakk\u0131nda adli kontrol karar\u0131 verildi. 1 \u015f\u00fcpheli ise serbest b\u0131rak\u0131ld\u0131.<br \/><\/p>\n","protected":false},"excerpt":{"rendered":"<p>Ayd\u0131n\u2019da tehdit ve silah zoruyla ma\u011fdurlardan \u00e7ek ve senet ald\u0131klar\u0131, bu belgeler \u00fczerinden icra takibi ba\u015flatarak haciz yoluyla l\u00fcks ara\u00e7 ve ta\u015f\u0131nmazlara el koyduklar\u0131 belirlenen \u2019Kara Defter\u2019 adl\u0131 organize su\u00e7 \u00e7etesine y\u00f6nelik operasyonda g\u00f6zalt\u0131na al\u0131nan 10 \u015f\u00fcpheliden 4\u2019\u00fc tutukland\u0131. Edinilen bilgiye g\u00f6re, Ayd\u0131n \u0130l Jandarma Komutanl\u0131\u011f\u0131 KOM \u015eube M\u00fcd\u00fcrl\u00fc\u011f\u00fc ekiplerince S\u00f6ke il\u00e7esi ba\u015fta olmak \u00fczere&#8230;<\/p>\n","protected":false},"author":1,"featured_media":92708,"comment_status":"open","ping_status":"open","sticky":false,"template":"","format":"standard","meta":{"_crdt_document":"","footnotes":""},"categories":[5],"tags":[],"class_list":["post-92707","post","type-post","status-publish","format-standard","has-post-thumbnail","hentry","category-asayis"],"_links":{"self":[{"href":"https:\/\/www.egemtv.com\/index.php?rest_route=\/wp\/v2\/posts\/92707","targetHints":{"allow":["GET"]}}],"collection":[{"href":"https:\/\/www.egemtv.com\/index.php?rest_route=\/wp\/v2\/posts"}],"about":[{"href":"https:\/\/www.egemtv.com\/index.php?rest_route=\/wp\/v2\/types\/post"}],"author":[{"embeddable":true,"href":"https:\/\/www.egemtv.com\/index.php?rest_route=\/wp\/v2\/users\/1"}],"replies":[{"embeddable":true,"href":"https:\/\/www.egemtv.com\/index.php?rest_route=%2Fwp%2Fv2%2Fcomments&post=92707"}],"version-history":[{"count":1,"href":"https:\/\/www.egemtv.com\/index.php?rest_route=\/wp\/v2\/posts\/92707\/revisions"}],"predecessor-version":[{"id":92709,"href":"https:\/\/www.egemtv.com\/index.php?rest_route=\/wp\/v2\/posts\/92707\/revisions\/92709"}],"wp:featuredmedia":[{"embeddable":true,"href":"https:\/\/www.egemtv.com\/index.php?rest_route=\/wp\/v2\/media\/92708"}],"wp:attachment":[{"href":"https:\/\/www.egemtv.com\/index.php?rest_route=%2Fwp%2Fv2%2Fmedia&parent=92707"}],"wp:term":[{"taxonomy":"category","embeddable":true,"href":"https:\/\/www.egemtv.com\/index.php?rest_route=%2Fwp%2Fv2%2Fcategories&post=92707"},{"taxonomy":"post_tag","embeddable":true,"href":"https:\/\/www.egemtv.com\/index.php?rest_route=%2Fwp%2Fv2%2Ftags&post=92707"}],"curies":[{"name":"wp","href":"https:\/\/api.w.org\/{rel}","templated":true}]}}