{"id":92704,"date":"2026-03-08T11:14:43","date_gmt":"2026-03-08T08:14:43","guid":{"rendered":"https:\/\/www.egemtv.com\/?p=92704"},"modified":"2026-03-08T11:14:45","modified_gmt":"2026-03-08T08:14:45","slug":"baskan-yetiskinden-8-mart-dunya-kadinlar-gunu-mesaji","status":"publish","type":"post","link":"https:\/\/www.egemtv.com\/?p=92704","title":{"rendered":"Ba\u015fkan Yeti\u015fkin\u2019den 8 Mart D\u00fcnya Kad\u0131nlar G\u00fcn\u00fc mesaj\u0131"},"content":{"rendered":"<p>Efeler Belediye Ba\u015fkan\u0131 An\u0131l Yeti\u015fkin, 8 Mart D\u00fcnya Kad\u0131nlar G\u00fcn\u00fc dolay\u0131s\u0131yla bir mesaj yay\u0131mlad\u0131. Toplumlar\u0131n geli\u015fmesinde kad\u0131nlar\u0131n kilit rol oynad\u0131\u011f\u0131na dikkat \u00e7eken Ba\u015fkan Yeti\u015fkin, &#8220;Kad\u0131nlar; sevgileri, emekleri, fedak\u00e2rl\u0131klar\u0131 ve bitmeyen m\u00fccadeleleriyle hayat\u0131n her alan\u0131na de\u011fer katan, toplumun en g\u00fc\u00e7l\u00fc yap\u0131 ta\u015flar\u0131ndan biridir. Ailede, e\u011fitimde, \u00fcretimde, bilimde, sanatta ve siyasette \u00fcstlendikleri sorumluluklarla toplumlar\u0131n geli\u015fmesinde ve gelece\u011fe g\u00fcvenle ilerlemesinde kad\u0131nlar\u0131n rol\u00fc inkar edilemez bir ger\u00e7ektir&#8221; ifadelerini kulland\u0131.<\/p>\n<p>Efeler Belediyesi\u2019nin kad\u0131nlar\u0131n toplumsal ya\u015famda daha aktif rol almalar\u0131 i\u00e7in \u00e7ok say\u0131da projeyi hayata ge\u00e7irdi\u011fini vurgulayan Efeler Belediye Ba\u015fkan\u0131 An\u0131l Yeti\u015fkin, &#8220;Bizler de Efeler Belediyesi olarak kad\u0131nlar\u0131n sosyal, ekonomik ve k\u00fclt\u00fcrel ya\u015famda daha g\u00fc\u00e7l\u00fc yer alabilmeleri i\u00e7in \u00e7al\u0131\u015fmalar\u0131m\u0131z\u0131 kararl\u0131l\u0131kla s\u00fcrd\u00fcr\u00fcyoruz. Kad\u0131nlar\u0131n eme\u011fini g\u00f6r\u00fcn\u00fcr k\u0131lan, onlar\u0131n \u00fcretime ve toplumsal ya\u015fama daha aktif kat\u0131l\u0131m\u0131n\u0131 destekleyen projeleri hayata ge\u00e7irmeyi g\u00f6rev biliyoruz. Kad\u0131nlar\u0131n mutlu oldu\u011fu, kendini g\u00fcvende hissetti\u011fi ve e\u015fit f\u0131rsatlara sahip oldu\u011fu bir toplum, gelece\u011fe umutla bakan g\u00fc\u00e7l\u00fc bir toplumdur. Bu anlay\u0131\u015fla kad\u0131nlar\u0131n ya\u015fam\u0131n her alan\u0131nda hak ettikleri de\u011feri g\u00f6rmeleri i\u00e7in hep birlikte \u00e7al\u0131\u015fmaya devam edece\u011fiz&#8221; dedi.<\/p>\n<p>Ulu \u00d6nder Mustafa Kemal Atat\u00fcrk\u2019\u00fcn \u2018D\u00fcnyada her \u015fey kad\u0131n\u0131n eseridir\u2019 s\u00f6z\u00fcn\u00fc hat\u0131rlatan Ba\u015fkan Yeti\u015fkin, &#8220;Cumhuriyetimizin kurucusu Mustafa Kemal Atat\u00fcrk\u2019\u00fcn kad\u0131nlara verdi\u011fi de\u011fer ve tan\u0131d\u0131\u011f\u0131 haklar, \u00fclkemizin \u00e7a\u011fda\u015fla\u015fma yolunda att\u0131\u011f\u0131 en \u00f6nemli ad\u0131mlardan biri olmu\u015ftur. 8 Mart D\u00fcnya Kad\u0131nlar G\u00fcn\u00fc, kad\u0131nlar\u0131n tarih boyunca verdikleri e\u015fitlik, \u00f6zg\u00fcrl\u00fck ve hak m\u00fccadelesini hat\u0131rlad\u0131\u011f\u0131m\u0131z; bu m\u00fccadelenin de\u011ferini ve \u00f6nemini bir kez daha vurgulad\u0131\u011f\u0131m\u0131z anlaml\u0131 bir g\u00fcnd\u00fcr. Kad\u0131nlar\u0131n hayat\u0131n her alan\u0131nda e\u015fit f\u0131rsatlara sahip oldu\u011fu, \u015fiddetin ve ayr\u0131mc\u0131l\u0131\u011f\u0131n olmad\u0131\u011f\u0131 bir toplum in\u015fa etmek hepimizin ortak sorumlulu\u011fudur. Bu duygu ve d\u00fc\u015f\u00fcncelerle; hayat\u0131m\u0131za sevgi, emek ve umut katan t\u00fcm kad\u0131nlar\u0131n 8 Mart D\u00fcnya Kad\u0131nlar G\u00fcn\u00fc\u2019n\u00fc en i\u00e7ten dileklerimle kutluyor, sa\u011fl\u0131k, mutluluk ve e\u015fitlik dolu yar\u0131nlar diliyorum&#8221; ifadelerine yer verdi.<br \/><\/p>\n","protected":false},"excerpt":{"rendered":"<p>Efeler Belediye Ba\u015fkan\u0131 An\u0131l Yeti\u015fkin, 8 Mart D\u00fcnya Kad\u0131nlar G\u00fcn\u00fc dolay\u0131s\u0131yla bir mesaj yay\u0131mlad\u0131. Toplumlar\u0131n geli\u015fmesinde kad\u0131nlar\u0131n kilit rol oynad\u0131\u011f\u0131na dikkat \u00e7eken Ba\u015fkan Yeti\u015fkin, &#8220;Kad\u0131nlar; sevgileri, emekleri, fedak\u00e2rl\u0131klar\u0131 ve bitmeyen m\u00fccadeleleriyle hayat\u0131n her alan\u0131na de\u011fer katan, toplumun en g\u00fc\u00e7l\u00fc yap\u0131 ta\u015flar\u0131ndan biridir. Ailede, e\u011fitimde, \u00fcretimde, bilimde, sanatta ve siyasette \u00fcstlendikleri sorumluluklarla toplumlar\u0131n geli\u015fmesinde ve gelece\u011fe&#8230;<\/p>\n","protected":false},"author":1,"featured_media":92705,"comment_status":"open","ping_status":"open","sticky":false,"template":"","format":"standard","meta":{"_crdt_document":"","footnotes":""},"categories":[1],"tags":[],"class_list":["post-92704","post","type-post","status-publish","format-standard","has-post-thumbnail","hentry","category-guncel"],"_links":{"self":[{"href":"https:\/\/www.egemtv.com\/index.php?rest_route=\/wp\/v2\/posts\/92704","targetHints":{"allow":["GET"]}}],"collection":[{"href":"https:\/\/www.egemtv.com\/index.php?rest_route=\/wp\/v2\/posts"}],"about":[{"href":"https:\/\/www.egemtv.com\/index.php?rest_route=\/wp\/v2\/types\/post"}],"author":[{"embeddable":true,"href":"https:\/\/www.egemtv.com\/index.php?rest_route=\/wp\/v2\/users\/1"}],"replies":[{"embeddable":true,"href":"https:\/\/www.egemtv.com\/index.php?rest_route=%2Fwp%2Fv2%2Fcomments&post=92704"}],"version-history":[{"count":1,"href":"https:\/\/www.egemtv.com\/index.php?rest_route=\/wp\/v2\/posts\/92704\/revisions"}],"predecessor-version":[{"id":92706,"href":"https:\/\/www.egemtv.com\/index.php?rest_route=\/wp\/v2\/posts\/92704\/revisions\/92706"}],"wp:featuredmedia":[{"embeddable":true,"href":"https:\/\/www.egemtv.com\/index.php?rest_route=\/wp\/v2\/media\/92705"}],"wp:attachment":[{"href":"https:\/\/www.egemtv.com\/index.php?rest_route=%2Fwp%2Fv2%2Fmedia&parent=92704"}],"wp:term":[{"taxonomy":"category","embeddable":true,"href":"https:\/\/www.egemtv.com\/index.php?rest_route=%2Fwp%2Fv2%2Fcategories&post=92704"},{"taxonomy":"post_tag","embeddable":true,"href":"https:\/\/www.egemtv.com\/index.php?rest_route=%2Fwp%2Fv2%2Ftags&post=92704"}],"curies":[{"name":"wp","href":"https:\/\/api.w.org\/{rel}","templated":true}]}}