{"id":92701,"date":"2026-03-08T11:14:41","date_gmt":"2026-03-08T08:14:41","guid":{"rendered":"https:\/\/www.egemtv.com\/?p=92701"},"modified":"2026-03-08T11:14:42","modified_gmt":"2026-03-08T08:14:42","slug":"isik-kirliligi-sunumu-buyuk-ilgi-gordu","status":"publish","type":"post","link":"https:\/\/www.egemtv.com\/?p=92701","title":{"rendered":"\u2018I\u015f\u0131k Kirlili\u011fi\u2019 sunumu b\u00fcy\u00fck ilgi g\u00f6rd\u00fc"},"content":{"rendered":"<p>Afyonkarahisar Emirda\u011f Fen Lisesi\u2019nde \u2018Liselerde Bilim Uygulamalar\u0131 (LBU)\u2019 \u00e7er\u00e7evesinde sunumu yap\u0131lan \u2019I\u015f\u0131k kirlili\u011finin olu\u015fma nedenleri\u2019 projesi b\u00fcy\u00fck ilgi g\u00f6rd\u00fc.<br \/>\n<br \/>Fizik \u00d6\u011fretmeni Sibel Alt\u0131nta\u015f ve Kimya \u00d6\u011fretmeni Asl\u0131 Karata\u015f dan\u0131\u015fmanl\u0131\u011f\u0131nda 9\u2019ncu s\u0131n\u0131f \u00f6\u011frencileri taraf\u0131ndan haz\u0131rlanan \u2018I\u015f\u0131k Kirlili\u011fi\u2019 konulu sunum, kat\u0131l\u0131mc\u0131lar taraf\u0131ndan ilgiyle takip edildi. Sunumda, \u0131\u015f\u0131k kirlili\u011finin olu\u015fma nedenleri, do\u011fa ve canl\u0131 ya\u015fam\u0131 \u00fczerindeki olumsuz etkileri, \u0131\u015f\u0131k kirlili\u011fini \u00f6nleme yollar\u0131, enerji ve ekonomi \u00fczerindeki etkileri gibi \u00f6nemli ba\u015fl\u0131klar ele al\u0131nd\u0131. \u00d6\u011frencilerin bilimsel bak\u0131\u015f a\u00e7\u0131s\u0131yla haz\u0131rlad\u0131klar\u0131 \u00e7al\u0131\u015fma, \u00e7evre bilinci ve s\u00fcrd\u00fcr\u00fclebilir ya\u015fam konusunda fark\u0131ndal\u0131k olu\u015fturdu.<br \/>\n<br \/>Ger\u00e7ekle\u015ftirilen programa Emirda\u011f \u0130l\u00e7e Mill\u00ee E\u011fitim M\u00fcd\u00fcr\u00fc G\u00fcrkan Emeksiz\u2019de kat\u0131ld\u0131.<br \/><\/p>\n","protected":false},"excerpt":{"rendered":"<p>Afyonkarahisar Emirda\u011f Fen Lisesi\u2019nde \u2018Liselerde Bilim Uygulamalar\u0131 (LBU)\u2019 \u00e7er\u00e7evesinde sunumu yap\u0131lan \u2019I\u015f\u0131k kirlili\u011finin olu\u015fma nedenleri\u2019 projesi b\u00fcy\u00fck ilgi g\u00f6rd\u00fc. Fizik \u00d6\u011fretmeni Sibel Alt\u0131nta\u015f ve Kimya \u00d6\u011fretmeni Asl\u0131 Karata\u015f dan\u0131\u015fmanl\u0131\u011f\u0131nda 9\u2019ncu s\u0131n\u0131f \u00f6\u011frencileri taraf\u0131ndan haz\u0131rlanan \u2018I\u015f\u0131k Kirlili\u011fi\u2019 konulu sunum, kat\u0131l\u0131mc\u0131lar taraf\u0131ndan ilgiyle takip edildi. Sunumda, \u0131\u015f\u0131k kirlili\u011finin olu\u015fma nedenleri, do\u011fa ve canl\u0131 ya\u015fam\u0131 \u00fczerindeki olumsuz etkileri,&#8230;<\/p>\n","protected":false},"author":1,"featured_media":92702,"comment_status":"open","ping_status":"open","sticky":false,"template":"","format":"standard","meta":{"_crdt_document":"","footnotes":""},"categories":[1],"tags":[],"class_list":["post-92701","post","type-post","status-publish","format-standard","has-post-thumbnail","hentry","category-guncel"],"_links":{"self":[{"href":"https:\/\/www.egemtv.com\/index.php?rest_route=\/wp\/v2\/posts\/92701","targetHints":{"allow":["GET"]}}],"collection":[{"href":"https:\/\/www.egemtv.com\/index.php?rest_route=\/wp\/v2\/posts"}],"about":[{"href":"https:\/\/www.egemtv.com\/index.php?rest_route=\/wp\/v2\/types\/post"}],"author":[{"embeddable":true,"href":"https:\/\/www.egemtv.com\/index.php?rest_route=\/wp\/v2\/users\/1"}],"replies":[{"embeddable":true,"href":"https:\/\/www.egemtv.com\/index.php?rest_route=%2Fwp%2Fv2%2Fcomments&post=92701"}],"version-history":[{"count":1,"href":"https:\/\/www.egemtv.com\/index.php?rest_route=\/wp\/v2\/posts\/92701\/revisions"}],"predecessor-version":[{"id":92703,"href":"https:\/\/www.egemtv.com\/index.php?rest_route=\/wp\/v2\/posts\/92701\/revisions\/92703"}],"wp:featuredmedia":[{"embeddable":true,"href":"https:\/\/www.egemtv.com\/index.php?rest_route=\/wp\/v2\/media\/92702"}],"wp:attachment":[{"href":"https:\/\/www.egemtv.com\/index.php?rest_route=%2Fwp%2Fv2%2Fmedia&parent=92701"}],"wp:term":[{"taxonomy":"category","embeddable":true,"href":"https:\/\/www.egemtv.com\/index.php?rest_route=%2Fwp%2Fv2%2Fcategories&post=92701"},{"taxonomy":"post_tag","embeddable":true,"href":"https:\/\/www.egemtv.com\/index.php?rest_route=%2Fwp%2Fv2%2Ftags&post=92701"}],"curies":[{"name":"wp","href":"https:\/\/api.w.org\/{rel}","templated":true}]}}