{"id":92698,"date":"2026-03-08T10:54:52","date_gmt":"2026-03-08T07:54:52","guid":{"rendered":"https:\/\/www.egemtv.com\/?p=92698"},"modified":"2026-03-08T10:54:53","modified_gmt":"2026-03-08T07:54:53","slug":"ciglideki-trafik-yuku-azalacak","status":"publish","type":"post","link":"https:\/\/www.egemtv.com\/?p=92698","title":{"rendered":"\u00c7i\u011fli\u2019deki trafik y\u00fck\u00fc azalacak"},"content":{"rendered":"<p>\u0130zmir B\u00fcy\u00fck\u015fehir Belediyesi, \u00c7i\u011fli Ata\u015fehir ile Atat\u00fcrk Organize Sanayi B\u00f6lgesi\u2019ni birbirine ba\u011flayacak \u00c7i\u011fli Kipa Ta\u015f\u0131t K\u00f6pr\u00fcs\u00fc\u2019n\u00fcn yap\u0131m\u0131na ba\u015flad\u0131. K\u00f6pr\u00fc tamamland\u0131\u011f\u0131nda \u00e7evre yolundaki trafik y\u00fck\u00fc azalacak. \u00dc\u00e7 kilometrelik g\u00fczergah 100 metreye d\u00fc\u015fecek; hastane ve fabrikalar\u0131n yo\u011fun oldu\u011fu b\u00f6lgede ula\u015f\u0131m s\u00fcresi 15 dakikadan 1 dakikaya inecek. B\u00f6ylece acil m\u00fcdahale ara\u00e7lar\u0131n\u0131n b\u00f6lgeye eri\u015fimi de \u00f6nemli \u00f6l\u00e7\u00fcde h\u0131zlanacak.<br \/>\n<br \/>\u0130zmir B\u00fcy\u00fck\u015fehir Belediye Ba\u015fkan\u0131 Cemil Tugay\u2019\u0131n kent trafi\u011findeki d\u00fc\u011f\u00fcmleri \u00e7\u00f6zmeye y\u00f6nelik ula\u015f\u0131m yat\u0131r\u0131mlar\u0131ndan biri daha hayata ge\u00e7irildi. \u00c7i\u011fli Ata\u015fehir Mahallesi ile Atat\u00fcrk Organize Sanayi B\u00f6lgesi\u2019ni (AOSB) dere \u00fczerinden birbirine ba\u011flayacak \u00c7i\u011fli Kipa Ta\u015f\u0131t K\u00f6pr\u00fcs\u00fc\u2019n\u00fcn yap\u0131m\u0131na ba\u015fland\u0131. Tamamland\u0131\u011f\u0131nda \u00e7ok say\u0131da hastane ve sa\u011fl\u0131k kurulu\u015funun yer ald\u0131\u011f\u0131 Ata\u015fehir Mahallesi\u2019ne ula\u015f\u0131m\u0131 b\u00fcy\u00fck \u00f6l\u00e7\u00fcde rahatlatacak k\u00f6pr\u00fc sayesinde yakla\u015f\u0131k 3 kilometrelik g\u00fczergah 100 metreye; trafik s\u00fcresi ise 15 dakikadan 1 dakikaya d\u00fc\u015fecek.<\/p>\n<p>\u00c7evre yolunun y\u00fck\u00fc iki projeyle hafifleyecek<br \/>\n<br \/>AOSB ve \u00c7i\u011fli Kipa\u2019ya ula\u015f\u0131m\u0131 kolayla\u015ft\u0131racak k\u00f6pr\u00fc ile Caher Dudayev Bulvar\u0131 ve \u00e7evre yolu \u00fczerindeki trafik y\u00fck\u00fc alternatif ba\u011flant\u0131yla azalm\u0131\u015f olacak. \u0130zmir B\u00fcy\u00fck\u015fehir Belediyesi\u2019nin e\u015f zamanl\u0131 s\u00fcrd\u00fcrd\u00fc\u011f\u00fc \u015eemikler Ta\u015f\u0131t \u00dcst Ge\u00e7idi Projesi\u2019nin de tamamlanmas\u0131yla, uzun y\u0131llard\u0131r s\u0131k\u0131\u015f\u0131kl\u0131\u011fa neden olan \u00e7evre yolunun \u00c7i\u011fli-Kar\u015f\u0131yaka aks\u0131 b\u00fcy\u00fck \u00f6l\u00e7\u00fcde rahatlayacak.<\/p>\n<p>\u0130tfaiye ve ambulans ula\u015f\u0131m\u0131 h\u0131zlanacak<br \/>\n<br \/>Yol Yap\u0131m Bak\u0131m ve Onar\u0131m Dairesi Ba\u015fkanl\u0131\u011f\u0131 \u0130n\u015faat M\u00fchendisi A\u015fk\u0131n \u015eeny\u00fcrekli, \u00c7i\u011fli Kipa Al\u0131\u015fveri\u015f Merkezi\u2019nin bulundu\u011fu b\u00f6lgede Ata\u015fehir\u2019deki hastane yo\u011funlu\u011funa hizmet edecek \u00e7elik bir ta\u015f\u0131t \u00fcst ge\u00e7idi in\u015fa ettiklerini belirterek, &#8220;Bu k\u00f6pr\u00fcn\u00fcn \u00f6ncelikli amac\u0131 ambulans ve itfaiye ara\u00e7lar\u0131n\u0131n h\u0131zl\u0131 eri\u015fimini sa\u011flamak. \u015eu anda b\u00f6lgeye gelen ara\u00e7lar \u00e7evre yolunu kullanarak uzun bir g\u00fczergah kat etmek zorunda kal\u0131yor. \u00d6zellikle fabrika giri\u015f-\u00e7\u0131k\u0131\u015f saatlerinde ciddi trafik olu\u015fuyor. Yapaca\u011f\u0131m\u0131z d\u00fczenlemeyle mesafe 100 metreye inecek ve ula\u015f\u0131m 1 dakika i\u00e7inde sa\u011flanabilecek. B\u00f6ylece \u00e7evre yolundaki yo\u011funluk da \u00f6nemli \u00f6l\u00e7\u00fcde azalacak&#8221; dedi.<\/p>\n<p>Afete dayan\u0131kl\u0131 uzun \u00f6m\u00fcrl\u00fc \u00e7elik k\u00f6pr\u00fc<br \/>\n<br \/>\u0130zmir\u2019in deprem b\u00f6lgesi oldu\u011funu hat\u0131rlatan \u015eeny\u00fcrekli, k\u00f6pr\u00fcn\u00fcn T\u00fcrkiye\u2019nin g\u00fcncel deprem y\u00f6netmeli\u011fine uygun olarak projelendirildi\u011fini vurgulayarak, &#8220;Fore kaz\u0131k ve derin kar\u0131\u015ft\u0131rma y\u00f6ntemiyle zemin g\u00fc\u00e7lendirmeleri planland\u0131, \u00e7elik imalatlar\u0131m\u0131z ba\u015flad\u0131. \u00c7al\u0131\u015fmalar yakla\u015f\u0131k bir y\u0131l s\u00fcrecek. Zemin s\u0131v\u0131la\u015fmas\u0131na kar\u015f\u0131 gerekli \u00f6nlemleri ald\u0131k. Yakla\u015f\u0131m duvarlar\u0131n\u0131n kal\u0131p ve demir imalat\u0131na ba\u015flad\u0131k, \u00f6n\u00fcm\u00fczdeki g\u00fcnlerde zemin ve \u00e7elik imalatlar\u0131 h\u0131z kazanacak. Dayan\u0131kl\u0131 ve uzun \u00f6m\u00fcrl\u00fc bir k\u00f6pr\u00fc in\u015fa ediyoruz. Tamamland\u0131\u011f\u0131nda \u0130zmir\u2019e uzun y\u0131llar hizmet edecek. Planlad\u0131\u011f\u0131m\u0131z s\u00fcreden daha k\u0131sa s\u00fcrede bitirerek bir an \u00f6nce hizmete a\u00e7may\u0131 hedefliyoruz&#8221; diye konu\u015ftu.<\/p>\n<p>Bisiklet ve yaya yolu da yer alacak<br \/>\n<br \/>\u00c7i\u011fli Ata\u015fehir Mahallesi\u2019nde yap\u0131m\u0131na ba\u015flanan k\u00f6pr\u00fc, \u00c7i\u011fli K\u0130PA Al\u0131\u015fveri\u015f Merkezi\u2019nin bulundu\u011fu 8280 Sokak ile Ata\u015fehir Mahallesi\u2019ne yeni giri\u015f sa\u011flayacak 8019\/14 Sokak\u2019\u0131 birbirine ba\u011flayacak. Yakla\u015f\u0131k 65 metre uzunlu\u011funda ve 13 metre geni\u015fli\u011finde in\u015fa edilecek \u00e7elik k\u00f6pr\u00fcde, tek gidi\u015f-tek geli\u015f olmak \u00fczere iki \u015feritli ta\u015f\u0131t yolu ile birlikte bisiklet ve yaya yolu da yer alacak.<br \/><\/p>\n","protected":false},"excerpt":{"rendered":"<p>\u0130zmir B\u00fcy\u00fck\u015fehir Belediyesi, \u00c7i\u011fli Ata\u015fehir ile Atat\u00fcrk Organize Sanayi B\u00f6lgesi\u2019ni birbirine ba\u011flayacak \u00c7i\u011fli Kipa Ta\u015f\u0131t K\u00f6pr\u00fcs\u00fc\u2019n\u00fcn yap\u0131m\u0131na ba\u015flad\u0131. K\u00f6pr\u00fc tamamland\u0131\u011f\u0131nda \u00e7evre yolundaki trafik y\u00fck\u00fc azalacak. \u00dc\u00e7 kilometrelik g\u00fczergah 100 metreye d\u00fc\u015fecek; hastane ve fabrikalar\u0131n yo\u011fun oldu\u011fu b\u00f6lgede ula\u015f\u0131m s\u00fcresi 15 dakikadan 1 dakikaya inecek. B\u00f6ylece acil m\u00fcdahale ara\u00e7lar\u0131n\u0131n b\u00f6lgeye eri\u015fimi de \u00f6nemli \u00f6l\u00e7\u00fcde h\u0131zlanacak. \u0130zmir&#8230;<\/p>\n","protected":false},"author":1,"featured_media":92699,"comment_status":"open","ping_status":"open","sticky":false,"template":"","format":"standard","meta":{"_crdt_document":"","footnotes":""},"categories":[1],"tags":[],"class_list":["post-92698","post","type-post","status-publish","format-standard","has-post-thumbnail","hentry","category-guncel"],"_links":{"self":[{"href":"https:\/\/www.egemtv.com\/index.php?rest_route=\/wp\/v2\/posts\/92698","targetHints":{"allow":["GET"]}}],"collection":[{"href":"https:\/\/www.egemtv.com\/index.php?rest_route=\/wp\/v2\/posts"}],"about":[{"href":"https:\/\/www.egemtv.com\/index.php?rest_route=\/wp\/v2\/types\/post"}],"author":[{"embeddable":true,"href":"https:\/\/www.egemtv.com\/index.php?rest_route=\/wp\/v2\/users\/1"}],"replies":[{"embeddable":true,"href":"https:\/\/www.egemtv.com\/index.php?rest_route=%2Fwp%2Fv2%2Fcomments&post=92698"}],"version-history":[{"count":1,"href":"https:\/\/www.egemtv.com\/index.php?rest_route=\/wp\/v2\/posts\/92698\/revisions"}],"predecessor-version":[{"id":92700,"href":"https:\/\/www.egemtv.com\/index.php?rest_route=\/wp\/v2\/posts\/92698\/revisions\/92700"}],"wp:featuredmedia":[{"embeddable":true,"href":"https:\/\/www.egemtv.com\/index.php?rest_route=\/wp\/v2\/media\/92699"}],"wp:attachment":[{"href":"https:\/\/www.egemtv.com\/index.php?rest_route=%2Fwp%2Fv2%2Fmedia&parent=92698"}],"wp:term":[{"taxonomy":"category","embeddable":true,"href":"https:\/\/www.egemtv.com\/index.php?rest_route=%2Fwp%2Fv2%2Fcategories&post=92698"},{"taxonomy":"post_tag","embeddable":true,"href":"https:\/\/www.egemtv.com\/index.php?rest_route=%2Fwp%2Fv2%2Ftags&post=92698"}],"curies":[{"name":"wp","href":"https:\/\/api.w.org\/{rel}","templated":true}]}}