{"id":92692,"date":"2026-03-08T10:34:49","date_gmt":"2026-03-08T07:34:49","guid":{"rendered":"https:\/\/www.egemtv.com\/?p=92692"},"modified":"2026-03-08T10:34:49","modified_gmt":"2026-03-08T07:34:49","slug":"baskan-arastan-muglaspora-destek-cagrisi","status":"publish","type":"post","link":"https:\/\/www.egemtv.com\/?p=92692","title":{"rendered":"Ba\u015fkan Aras\u2019tan Mu\u011flaspor\u2019a destek \u00e7a\u011fr\u0131s\u0131"},"content":{"rendered":"<p>Mu\u011fla B\u00fcy\u00fck\u015fehir Belediye Ba\u015fkan\u0131 Ahmet Aras, Mu\u011flaspor tesislerini ziyaret ederek teknik heyet, y\u00f6netim ve futbolcularla bir araya geldi. Aras, Mu\u011flal\u0131lara tak\u0131ma sahip \u00e7\u0131kma \u00e7a\u011fr\u0131s\u0131nda bulunurken, i\u015f d\u00fcnyas\u0131na da loca ve saha reklamlar\u0131 konusunda destek \u00e7a\u011fr\u0131s\u0131 yapt\u0131.<\/p>\n<p>Mu\u011fla B\u00fcy\u00fck\u015fehir Belediye Ba\u015fkan\u0131 Ahmet Aras, Mu\u011flaspor tesislerini ziyaret ederek kul\u00fcp y\u00f6netimi, teknik heyet ve futbolcularla bir araya geldi. Ziyarette Mu\u011flaspor\u2019un ligdeki ba\u015far\u0131l\u0131 performans\u0131 ve kentin tak\u0131ma verece\u011fi destek konular\u0131 ele al\u0131nd\u0131. Mu\u011fla B\u00fcy\u00fck\u015fehir Belediye Ba\u015fkan\u0131 Ahmet Aras, &#8220;Ben de bug\u00fcn Mu\u011flaspor\u2019umuza destek ziyareti i\u00e7in buraday\u0131m. Biraz \u00f6nce teknik heyetimiz, y\u00f6netimimiz ve oyuncular\u0131m\u0131zla bir araya geldik. Onlarla da konu\u015ftuk, onlara da deste\u011fimizi a\u00e7\u0131k\u00e7a ifade ettik. Ancak ben sevgili hem\u015fehrilerimden, sevgili Mu\u011flal\u0131lardan \u015funu talep ediyorum. L\u00fctfen tak\u0131m\u0131m\u0131za sahip \u00e7\u0131kal\u0131m. \u015eu anda T\u00fcrkiye liglerinin en ba\u015far\u0131l\u0131 tak\u0131mlar\u0131ndan bir tanesi sizin tak\u0131m\u0131n\u0131z. Tak\u0131m\u0131n\u0131zla bir kere ba\u015ftan gurur duyun. Bu tak\u0131ma destek olun. Mu\u011flal\u0131lar bunu ba\u015farabilecek g\u00fc\u00e7tedir. Mu\u011fla\u2019n\u0131n ekonomik g\u00fcc\u00fc yerindedir. Mu\u011fla\u2019dan kazananlar, Mu\u011fla\u2019ya yat\u0131r\u0131m yapanlar, kendini Mu\u011flal\u0131 hissedenler; herkes bu tak\u0131ma sahip \u00e7\u0131kmak zorundad\u0131r. Bunu tekrar ifade ediyorum&#8221; dedi.<\/p>\n<p>Aras, konu\u015fmas\u0131n\u0131n devam\u0131nda &#8220;Bizler ilin y\u00f6neticileri olarak valimiz, belediye ve di\u011fer y\u00f6neticiler olarak zaten Mu\u011flaspor\u2019umuza gerekli deste\u011fi yap\u0131yoruz. Ama biz Mu\u011flasporlu as\u0131l i\u015f adamlar\u0131ndan, i\u015f d\u00fcnyas\u0131ndan, yat\u0131r\u0131mc\u0131lardan bu deste\u011fi yo\u011funlukla bekliyoruz. \u00d6zellikle loca konusunu ve saha reklamlar\u0131 konusunu tekrar hat\u0131rlat\u0131yorum. Bu konuda ciddi bir beklentimiz var. B\u00fct\u00fcn Mu\u011fla\u2019n\u0131n i\u015f d\u00fcnyas\u0131ndan, Ticaret Odam\u0131zdan, Esnaf Odam\u0131zdan, turizmcilerimizden, bal\u0131k\u00e7\u0131lar\u0131m\u0131zdan ve ger\u00e7ekten de bu kentten kazanan herkesten, m\u00fcteahhitlerden bu kentin tak\u0131m\u0131na, gururuna destek bekliyoruz&#8221; ifadelerini kulland\u0131.<\/p>\n<p>&#8220;Gelin beraber Mu\u011flaspor\u2019u b\u00fcy\u00fctelim&#8221;<br \/>\n<br \/>Ziyarette konu\u015fan Mu\u011flaspor Kul\u00fcb\u00fc Ba\u015fkan\u0131 Menaf K\u0131yan\u00e7 ise &#8220;Mu\u011flaspor\u2019un yan\u0131nda olman\u0131z \u00e7ok de\u011ferli. Bizi desteklemeniz \u00e7ok de\u011ferli. Bug\u00fcne kadarki katk\u0131lar\u0131n\u0131zdan dolay\u0131 te\u015fekk\u00fcr ediyoruz. Mu\u011fla\u2019da ya\u015fayan herkesin, Mu\u011fla\u2019da \u00fcreten herkesin, kazanan herkesin Mu\u011flaspor\u2019a sahip \u00e7\u0131kmas\u0131n\u0131n gelece\u011fine sahip \u00e7\u0131kmas\u0131 olaca\u011f\u0131n\u0131, \u00e7ocuklar\u0131m\u0131za sahip \u00e7\u0131kmak olaca\u011f\u0131n\u0131 bu vesileyle i\u015fin i\u00e7inde olmalar\u0131n\u0131 rica ediyoruz. Gelin beraber Mu\u011flaspor\u2019u b\u00fcy\u00fctelim. Mu\u011flaspor\u2019un yan\u0131nda olal\u0131m. \u0130n\u015fallah Rabbim sezon sonunda \u015fampiyon olmay\u0131 nasip eder&#8221; dedi.<br \/><\/p>\n","protected":false},"excerpt":{"rendered":"<p>Mu\u011fla B\u00fcy\u00fck\u015fehir Belediye Ba\u015fkan\u0131 Ahmet Aras, Mu\u011flaspor tesislerini ziyaret ederek teknik heyet, y\u00f6netim ve futbolcularla bir araya geldi. Aras, Mu\u011flal\u0131lara tak\u0131ma sahip \u00e7\u0131kma \u00e7a\u011fr\u0131s\u0131nda bulunurken, i\u015f d\u00fcnyas\u0131na da loca ve saha reklamlar\u0131 konusunda destek \u00e7a\u011fr\u0131s\u0131 yapt\u0131. Mu\u011fla B\u00fcy\u00fck\u015fehir Belediye Ba\u015fkan\u0131 Ahmet Aras, Mu\u011flaspor tesislerini ziyaret ederek kul\u00fcp y\u00f6netimi, teknik heyet ve futbolcularla bir araya geldi&#8230;.<\/p>\n","protected":false},"author":1,"featured_media":92693,"comment_status":"open","ping_status":"open","sticky":false,"template":"","format":"standard","meta":{"_crdt_document":"","footnotes":""},"categories":[1],"tags":[],"class_list":["post-92692","post","type-post","status-publish","format-standard","has-post-thumbnail","hentry","category-guncel"],"_links":{"self":[{"href":"https:\/\/www.egemtv.com\/index.php?rest_route=\/wp\/v2\/posts\/92692","targetHints":{"allow":["GET"]}}],"collection":[{"href":"https:\/\/www.egemtv.com\/index.php?rest_route=\/wp\/v2\/posts"}],"about":[{"href":"https:\/\/www.egemtv.com\/index.php?rest_route=\/wp\/v2\/types\/post"}],"author":[{"embeddable":true,"href":"https:\/\/www.egemtv.com\/index.php?rest_route=\/wp\/v2\/users\/1"}],"replies":[{"embeddable":true,"href":"https:\/\/www.egemtv.com\/index.php?rest_route=%2Fwp%2Fv2%2Fcomments&post=92692"}],"version-history":[{"count":1,"href":"https:\/\/www.egemtv.com\/index.php?rest_route=\/wp\/v2\/posts\/92692\/revisions"}],"predecessor-version":[{"id":92694,"href":"https:\/\/www.egemtv.com\/index.php?rest_route=\/wp\/v2\/posts\/92692\/revisions\/92694"}],"wp:featuredmedia":[{"embeddable":true,"href":"https:\/\/www.egemtv.com\/index.php?rest_route=\/wp\/v2\/media\/92693"}],"wp:attachment":[{"href":"https:\/\/www.egemtv.com\/index.php?rest_route=%2Fwp%2Fv2%2Fmedia&parent=92692"}],"wp:term":[{"taxonomy":"category","embeddable":true,"href":"https:\/\/www.egemtv.com\/index.php?rest_route=%2Fwp%2Fv2%2Fcategories&post=92692"},{"taxonomy":"post_tag","embeddable":true,"href":"https:\/\/www.egemtv.com\/index.php?rest_route=%2Fwp%2Fv2%2Ftags&post=92692"}],"curies":[{"name":"wp","href":"https:\/\/api.w.org\/{rel}","templated":true}]}}