{"id":92689,"date":"2026-03-08T09:14:47","date_gmt":"2026-03-08T06:14:47","guid":{"rendered":"https:\/\/www.egemtv.com\/?p=92689"},"modified":"2026-03-08T09:14:52","modified_gmt":"2026-03-08T06:14:52","slug":"baskan-putun-gonul-sofrasina-konuk-olan-kadinlari-unutmadi","status":"publish","type":"post","link":"https:\/\/www.egemtv.com\/?p=92689","title":{"rendered":"Ba\u015fkan P\u00fct\u00fcn g\u00f6n\u00fcl sofras\u0131na konuk olan kad\u0131nlar\u0131 unutmad\u0131"},"content":{"rendered":"<p>DEN\u0130ZL\u0130 (\u0130HA) \u2013 Denizli\u2019nin Beya\u011fa\u00e7 Belediye Ba\u015fkan\u0131 Sezayi P\u00fct\u00fcn, ailesiyle geleneksel hale getirdi\u011fi iftar sofras\u0131na konuk olan kad\u0131nlara karanfil hediye ederek D\u00fcnya Kad\u0131nlar G\u00fcnlerini kutlad\u0131.<\/p>\n<p>Beya\u011fa\u00e7 Belediye Ba\u015fkan\u0131 Sezayi P\u00fct\u00fcn, ailesiyle birlikte her Ramazan ay\u0131nda kurduklar\u0131 g\u00f6n\u00fcl sofras\u0131 gelene\u011fini bu y\u0131l da s\u00fcrd\u00fcrd\u00fc. Beya\u011fa\u00e7 Kapal\u0131 Pazaryerinde kurulan iftar sofras\u0131nda Beya\u011fa\u00e7l\u0131 hem\u015fehrilerini a\u011f\u0131rlayan Ba\u015fkan P\u00fct\u00fcn, il\u00e7ede toplumsal dayan\u0131\u015fma ve kayna\u015fman\u0131n \u00f6rnek bir etkinli\u011fine imza att\u0131. Konuklar\u0131yla ailesiyle birlikte ilgilenen Ba\u015fkan P\u00fct\u00fcn, g\u00f6n\u00fcl sonras\u0131na konuk olan kad\u0131nlar\u0131 unutmad\u0131. E\u015fi G\u00fclseren P\u00fct\u00fcn ile birlikte kad\u0131nlara karanfil hediye eden Ba\u015fkan P\u00fct\u00fcn, 8 Mart D\u00fcnya Kad\u0131nlar G\u00fcnlerini kutlad\u0131.<\/p>\n<p>G\u00f6n\u00fcl sofras\u0131n\u0131 bu Ramazan ay\u0131nda da kurabildikleri i\u00e7in ailecek mutlu olduklar\u0131n\u0131 belirten Beya\u011fa\u00e7 Belediye Ba\u015fkan\u0131 Sezayi P\u00fct\u00fcn, &#8220;Ramazan ay\u0131n\u0131n bereketini ve karde\u015fli\u011fin s\u0131cakl\u0131\u011f\u0131n\u0131 hem\u015fehrilerimizle ayn\u0131 sofrada payla\u015fman\u0131n mutlulu\u011funu ya\u015fad\u0131k. Ailemle birlikte d\u00fczenledi\u011fimiz geleneksel iftar yeme\u011fimizde g\u00f6n\u00fcl sofram\u0131zda bir araya gelerek birlik ve beraberli\u011fimizi peki\u015ftirdik. Bu g\u00fczel ak\u015famda bizleri yaln\u0131z b\u0131rakmayan t\u00fcm misafirlerimize ve hem\u015fehrilerime g\u00f6n\u00fclden te\u015fekk\u00fcr ediyorum. Ayn\u0131 zamanda 8 Mart D\u00fcnya Kad\u0131nlar G\u00fcn\u00fc dolay\u0131s\u0131yla kad\u0131nlar\u0131m\u0131z\u0131n bu anlaml\u0131 g\u00fcn\u00fcn\u00fc de kutlad\u0131k. Rabbim tuttu\u011fumuz oru\u00e7lar\u0131 kabul eylesin&#8221; diye konu\u015ftu.<br \/><\/p>\n","protected":false},"excerpt":{"rendered":"<p>DEN\u0130ZL\u0130 (\u0130HA) \u2013 Denizli\u2019nin Beya\u011fa\u00e7 Belediye Ba\u015fkan\u0131 Sezayi P\u00fct\u00fcn, ailesiyle geleneksel hale getirdi\u011fi iftar sofras\u0131na konuk olan kad\u0131nlara karanfil hediye ederek D\u00fcnya Kad\u0131nlar G\u00fcnlerini kutlad\u0131. Beya\u011fa\u00e7 Belediye Ba\u015fkan\u0131 Sezayi P\u00fct\u00fcn, ailesiyle birlikte her Ramazan ay\u0131nda kurduklar\u0131 g\u00f6n\u00fcl sofras\u0131 gelene\u011fini bu y\u0131l da s\u00fcrd\u00fcrd\u00fc. Beya\u011fa\u00e7 Kapal\u0131 Pazaryerinde kurulan iftar sofras\u0131nda Beya\u011fa\u00e7l\u0131 hem\u015fehrilerini a\u011f\u0131rlayan Ba\u015fkan P\u00fct\u00fcn, il\u00e7ede&#8230;<\/p>\n","protected":false},"author":1,"featured_media":92690,"comment_status":"open","ping_status":"open","sticky":false,"template":"","format":"standard","meta":{"_crdt_document":"","footnotes":""},"categories":[123],"tags":[],"class_list":["post-92689","post","type-post","status-publish","format-standard","has-post-thumbnail","hentry","category-gundem"],"_links":{"self":[{"href":"https:\/\/www.egemtv.com\/index.php?rest_route=\/wp\/v2\/posts\/92689","targetHints":{"allow":["GET"]}}],"collection":[{"href":"https:\/\/www.egemtv.com\/index.php?rest_route=\/wp\/v2\/posts"}],"about":[{"href":"https:\/\/www.egemtv.com\/index.php?rest_route=\/wp\/v2\/types\/post"}],"author":[{"embeddable":true,"href":"https:\/\/www.egemtv.com\/index.php?rest_route=\/wp\/v2\/users\/1"}],"replies":[{"embeddable":true,"href":"https:\/\/www.egemtv.com\/index.php?rest_route=%2Fwp%2Fv2%2Fcomments&post=92689"}],"version-history":[{"count":1,"href":"https:\/\/www.egemtv.com\/index.php?rest_route=\/wp\/v2\/posts\/92689\/revisions"}],"predecessor-version":[{"id":92691,"href":"https:\/\/www.egemtv.com\/index.php?rest_route=\/wp\/v2\/posts\/92689\/revisions\/92691"}],"wp:featuredmedia":[{"embeddable":true,"href":"https:\/\/www.egemtv.com\/index.php?rest_route=\/wp\/v2\/media\/92690"}],"wp:attachment":[{"href":"https:\/\/www.egemtv.com\/index.php?rest_route=%2Fwp%2Fv2%2Fmedia&parent=92689"}],"wp:term":[{"taxonomy":"category","embeddable":true,"href":"https:\/\/www.egemtv.com\/index.php?rest_route=%2Fwp%2Fv2%2Fcategories&post=92689"},{"taxonomy":"post_tag","embeddable":true,"href":"https:\/\/www.egemtv.com\/index.php?rest_route=%2Fwp%2Fv2%2Ftags&post=92689"}],"curies":[{"name":"wp","href":"https:\/\/api.w.org\/{rel}","templated":true}]}}