{"id":92686,"date":"2026-03-08T09:14:46","date_gmt":"2026-03-08T06:14:46","guid":{"rendered":"https:\/\/www.egemtv.com\/?p=92686"},"modified":"2026-03-08T09:14:47","modified_gmt":"2026-03-08T06:14:47","slug":"gedik-pilic-pazarlama-ve-marka-yonetimine-meral-tek-atandi","status":"publish","type":"post","link":"https:\/\/www.egemtv.com\/?p=92686","title":{"rendered":"Gedik Pili\u00e7 Pazarlama ve Marka Y\u00f6netimine Meral Tek atand\u0131"},"content":{"rendered":"<p>T\u00fcrkiye\u2019nin k\u00f6kl\u00fc g\u0131da markalar\u0131ndan Gedik Pili\u00e7\u2019in pazarlama b\u00f6l\u00fcm\u00fcne yeni bir atama ger\u00e7ekle\u015fti. Pazarlama ve marka y\u00f6netimi alan\u0131nda uzun y\u0131llara dayanan deneyime sahip olan Meral Tek, \u015firketin pazarlama ve marka \u00e7al\u0131\u015fmalar\u0131n\u0131n y\u00f6netimini \u00fcstlendi.<\/p>\n<p>Yeni g\u00f6revine ili\u015fkin de\u011ferlendirmede bulunan Gedik Pili\u00e7 Pazarlama ve Marka Y\u00f6neticisi Meral Tek, Gedik Pili\u00e7 gibi k\u00f6kl\u00fc bir markan\u0131n par\u00e7as\u0131 olmaktan b\u00fcy\u00fck mutluluk duydu\u011funu belirterek, markan\u0131n g\u00fc\u00e7l\u00fc \u00fcretim k\u00fclt\u00fcr\u00fc ve kalite anlay\u0131\u015f\u0131n\u0131n daha geni\u015f kitlelerle bulu\u015fmas\u0131na katk\u0131 sa\u011flamay\u0131 hedefledi\u011fini ifade etti.<\/p>\n<p>Ankara \u00dcniversitesi mezunu olan Meral Tek, pazarlama alan\u0131ndaki y\u00fcksek lisans e\u011fitimini Marmara \u00dcniversitesi\u2019nde tamamlad\u0131. Tek; B2B ve B2C alanlar\u0131nda 20 y\u0131l\u0131 a\u015fk\u0131n deneyime sahip olan Tek; g\u0131da ve h\u0131zl\u0131 t\u00fcketim \u00fcr\u00fcnleri sekt\u00f6rlerinde marka olu\u015fturma, pazarlama stratejileri geli\u015ftirme ve \u00e7oklu marka y\u00f6netimi konular\u0131nda \u00f6nemli projelere imza att\u0131. Evli ve bir \u00e7ocuk annesi olan Tek, kariyeri boyunca t\u00fcketici i\u00e7 g\u00f6r\u00fcs\u00fcne dayal\u0131 ileti\u015fim stratejileri, marka konumland\u0131rma ve pazarlama y\u00f6netimi alanlar\u0131nda aktif rol \u00fcstlendi.<br \/><\/p>\n","protected":false},"excerpt":{"rendered":"<p>T\u00fcrkiye\u2019nin k\u00f6kl\u00fc g\u0131da markalar\u0131ndan Gedik Pili\u00e7\u2019in pazarlama b\u00f6l\u00fcm\u00fcne yeni bir atama ger\u00e7ekle\u015fti. Pazarlama ve marka y\u00f6netimi alan\u0131nda uzun y\u0131llara dayanan deneyime sahip olan Meral Tek, \u015firketin pazarlama ve marka \u00e7al\u0131\u015fmalar\u0131n\u0131n y\u00f6netimini \u00fcstlendi. Yeni g\u00f6revine ili\u015fkin de\u011ferlendirmede bulunan Gedik Pili\u00e7 Pazarlama ve Marka Y\u00f6neticisi Meral Tek, Gedik Pili\u00e7 gibi k\u00f6kl\u00fc bir markan\u0131n par\u00e7as\u0131 olmaktan b\u00fcy\u00fck mutluluk&#8230;<\/p>\n","protected":false},"author":1,"featured_media":92687,"comment_status":"open","ping_status":"open","sticky":false,"template":"","format":"standard","meta":{"_crdt_document":"","footnotes":""},"categories":[125],"tags":[],"class_list":["post-92686","post","type-post","status-publish","format-standard","has-post-thumbnail","hentry","category-ekonomi"],"_links":{"self":[{"href":"https:\/\/www.egemtv.com\/index.php?rest_route=\/wp\/v2\/posts\/92686","targetHints":{"allow":["GET"]}}],"collection":[{"href":"https:\/\/www.egemtv.com\/index.php?rest_route=\/wp\/v2\/posts"}],"about":[{"href":"https:\/\/www.egemtv.com\/index.php?rest_route=\/wp\/v2\/types\/post"}],"author":[{"embeddable":true,"href":"https:\/\/www.egemtv.com\/index.php?rest_route=\/wp\/v2\/users\/1"}],"replies":[{"embeddable":true,"href":"https:\/\/www.egemtv.com\/index.php?rest_route=%2Fwp%2Fv2%2Fcomments&post=92686"}],"version-history":[{"count":1,"href":"https:\/\/www.egemtv.com\/index.php?rest_route=\/wp\/v2\/posts\/92686\/revisions"}],"predecessor-version":[{"id":92688,"href":"https:\/\/www.egemtv.com\/index.php?rest_route=\/wp\/v2\/posts\/92686\/revisions\/92688"}],"wp:featuredmedia":[{"embeddable":true,"href":"https:\/\/www.egemtv.com\/index.php?rest_route=\/wp\/v2\/media\/92687"}],"wp:attachment":[{"href":"https:\/\/www.egemtv.com\/index.php?rest_route=%2Fwp%2Fv2%2Fmedia&parent=92686"}],"wp:term":[{"taxonomy":"category","embeddable":true,"href":"https:\/\/www.egemtv.com\/index.php?rest_route=%2Fwp%2Fv2%2Fcategories&post=92686"},{"taxonomy":"post_tag","embeddable":true,"href":"https:\/\/www.egemtv.com\/index.php?rest_route=%2Fwp%2Fv2%2Ftags&post=92686"}],"curies":[{"name":"wp","href":"https:\/\/api.w.org\/{rel}","templated":true}]}}