{"id":92683,"date":"2026-03-08T09:14:46","date_gmt":"2026-03-08T06:14:46","guid":{"rendered":"https:\/\/www.egemtv.com\/?p=92683"},"modified":"2026-03-08T09:14:46","modified_gmt":"2026-03-08T06:14:46","slug":"usakta-gubre-bayilerine-denetim","status":"publish","type":"post","link":"https:\/\/www.egemtv.com\/?p=92683","title":{"rendered":"U\u015fak\u2019ta g\u00fcbre bayilerine denetim"},"content":{"rendered":"<p>U\u015fak\u2019ta g\u00fcbre bayilerine y\u00f6nelik denetim ger\u00e7ekle\u015ftirildi.<br \/>\n<br \/>U\u015fak \u0130l Tar\u0131m ve Orman M\u00fcd\u00fcrl\u00fc\u011f\u00fc teknik ekipleri, U\u015fak Belediyesi Zab\u0131ta ekipleri ve Ticaret \u0130l M\u00fcd\u00fcrl\u00fc\u011f\u00fc ekiplerinin kat\u0131l\u0131m\u0131yla il genelinde faaliyet g\u00f6steren g\u00fcbre bayilerine y\u00f6nelik denetim ve incelemeler yap\u0131ld\u0131.<br \/>\n<br \/>Ger\u00e7ekle\u015ftirilen denetimlerde g\u00fcbre bayilerinde g\u00fcbre tedarik s\u00fcreci, sat\u0131\u015f durumu ve fiyat hareketleri yerinde incelendi. Ekipler taraf\u0131ndan yap\u0131lan kontrollerde g\u00fcncel piyasa ko\u015fullar\u0131 hakk\u0131nda da de\u011ferlendirmelerde bulunuldu.<br \/>\n<br \/>Denetimlerde \u00f6zellikle \u00fcreticilerin g\u00fcbreye eri\u015fimi ve piyasa dengesi yak\u0131ndan takip edilirken, bayilerde Ocak, \u015eubat ve Mart aylar\u0131n\u0131 kapsayan geriye d\u00f6n\u00fck 3 ayl\u0131k al\u0131\u015f ve sat\u0131\u015f fiyatlar\u0131 kontrol edilerek kay\u0131tlar incelendi.<br \/>\n<br \/>Yap\u0131lan incelemelerde fiyat de\u011fi\u015fimleri, stok durumu ve sat\u0131\u015f s\u00fcre\u00e7leri mevzuat \u00e7er\u00e7evesinde de\u011ferlendirildi.<br \/>\n<br \/>Sosyal medya \u00fczerinden yap\u0131lan payla\u015f\u0131ma g\u00f6re yap\u0131lan a\u00e7\u0131klamada, tar\u0131msal \u00fcretimin s\u00fcrd\u00fcr\u00fclebilirli\u011fi, piyasa d\u00fczeninin korunmas\u0131 ve \u00fcreticilerin ma\u011fduriyet ya\u015famamas\u0131 amac\u0131yla sahadaki denetimlerin aral\u0131ks\u0131z s\u00fcrd\u00fcr\u00fclece\u011fini bildirdi.<br \/><\/p>\n","protected":false},"excerpt":{"rendered":"<p>U\u015fak\u2019ta g\u00fcbre bayilerine y\u00f6nelik denetim ger\u00e7ekle\u015ftirildi. U\u015fak \u0130l Tar\u0131m ve Orman M\u00fcd\u00fcrl\u00fc\u011f\u00fc teknik ekipleri, U\u015fak Belediyesi Zab\u0131ta ekipleri ve Ticaret \u0130l M\u00fcd\u00fcrl\u00fc\u011f\u00fc ekiplerinin kat\u0131l\u0131m\u0131yla il genelinde faaliyet g\u00f6steren g\u00fcbre bayilerine y\u00f6nelik denetim ve incelemeler yap\u0131ld\u0131. Ger\u00e7ekle\u015ftirilen denetimlerde g\u00fcbre bayilerinde g\u00fcbre tedarik s\u00fcreci, sat\u0131\u015f durumu ve fiyat hareketleri yerinde incelendi. Ekipler taraf\u0131ndan yap\u0131lan kontrollerde g\u00fcncel piyasa&#8230;<\/p>\n","protected":false},"author":1,"featured_media":92684,"comment_status":"open","ping_status":"open","sticky":false,"template":"","format":"standard","meta":{"_crdt_document":"","footnotes":""},"categories":[125],"tags":[],"class_list":["post-92683","post","type-post","status-publish","format-standard","has-post-thumbnail","hentry","category-ekonomi"],"_links":{"self":[{"href":"https:\/\/www.egemtv.com\/index.php?rest_route=\/wp\/v2\/posts\/92683","targetHints":{"allow":["GET"]}}],"collection":[{"href":"https:\/\/www.egemtv.com\/index.php?rest_route=\/wp\/v2\/posts"}],"about":[{"href":"https:\/\/www.egemtv.com\/index.php?rest_route=\/wp\/v2\/types\/post"}],"author":[{"embeddable":true,"href":"https:\/\/www.egemtv.com\/index.php?rest_route=\/wp\/v2\/users\/1"}],"replies":[{"embeddable":true,"href":"https:\/\/www.egemtv.com\/index.php?rest_route=%2Fwp%2Fv2%2Fcomments&post=92683"}],"version-history":[{"count":1,"href":"https:\/\/www.egemtv.com\/index.php?rest_route=\/wp\/v2\/posts\/92683\/revisions"}],"predecessor-version":[{"id":92685,"href":"https:\/\/www.egemtv.com\/index.php?rest_route=\/wp\/v2\/posts\/92683\/revisions\/92685"}],"wp:featuredmedia":[{"embeddable":true,"href":"https:\/\/www.egemtv.com\/index.php?rest_route=\/wp\/v2\/media\/92684"}],"wp:attachment":[{"href":"https:\/\/www.egemtv.com\/index.php?rest_route=%2Fwp%2Fv2%2Fmedia&parent=92683"}],"wp:term":[{"taxonomy":"category","embeddable":true,"href":"https:\/\/www.egemtv.com\/index.php?rest_route=%2Fwp%2Fv2%2Fcategories&post=92683"},{"taxonomy":"post_tag","embeddable":true,"href":"https:\/\/www.egemtv.com\/index.php?rest_route=%2Fwp%2Fv2%2Ftags&post=92683"}],"curies":[{"name":"wp","href":"https:\/\/api.w.org\/{rel}","templated":true}]}}