{"id":92674,"date":"2026-03-08T00:34:31","date_gmt":"2026-03-07T21:34:31","guid":{"rendered":"https:\/\/www.egemtv.com\/?p=92674"},"modified":"2026-03-08T00:34:32","modified_gmt":"2026-03-07T21:34:32","slug":"bos-evde-cikan-yangin-korkuttu","status":"publish","type":"post","link":"https:\/\/www.egemtv.com\/?p=92674","title":{"rendered":"Bo\u015f evde \u00e7\u0131kan yang\u0131n korkuttu"},"content":{"rendered":"<p>DEN\u0130ZL\u0130 (\u0130HA) \u2013 Denizli\u2019nin Buldan il\u00e7esinde sahipleri \u00f6l\u00fcnce kullan\u0131lmayan evde \u00e7\u0131kan yang\u0131n, mahallede korku ve pani\u011fe neden oldu.<br \/>\n<br \/>Olay, Buldan merkez Kar\u015f\u0131yaka Mahallesi\u2019nde bulunan bo\u015f bir evde meydana geldi. Edinilen bilgilere g\u00f6re; sahiplerinin \u00f6lmesi sonucu ya\u015fan\u0131n kalmad\u0131\u011f\u0131 bo\u015f evde, ak\u015fam saatlerinde hen\u00fcz belirlenemeyen bir nedenle yang\u0131n \u00e7\u0131kt\u0131. Yang\u0131na Denizli B\u00fcy\u00fck\u015fehir Belediyesi Buldan itfaiye ekipleri ve vatanda\u015flar taraf\u0131ndan m\u00fcdahale edildi. Yang\u0131nda evde bulunan e\u015fyalar hasar g\u00f6r\u00fcrken, daha fazla b\u00fcy\u00fcmeden kontrol alt\u0131na al\u0131nd\u0131. \u00c7evredeki di\u011fer evlere s\u0131\u00e7ramadan s\u00f6nd\u00fcr\u00fclen alevler, mahallede k\u0131sa s\u00fcreli korku ve pani\u011fe neden oldu.<br \/><\/p>\n","protected":false},"excerpt":{"rendered":"<p>DEN\u0130ZL\u0130 (\u0130HA) \u2013 Denizli\u2019nin Buldan il\u00e7esinde sahipleri \u00f6l\u00fcnce kullan\u0131lmayan evde \u00e7\u0131kan yang\u0131n, mahallede korku ve pani\u011fe neden oldu. Olay, Buldan merkez Kar\u015f\u0131yaka Mahallesi\u2019nde bulunan bo\u015f bir evde meydana geldi. Edinilen bilgilere g\u00f6re; sahiplerinin \u00f6lmesi sonucu ya\u015fan\u0131n kalmad\u0131\u011f\u0131 bo\u015f evde, ak\u015fam saatlerinde hen\u00fcz belirlenemeyen bir nedenle yang\u0131n \u00e7\u0131kt\u0131. Yang\u0131na Denizli B\u00fcy\u00fck\u015fehir Belediyesi Buldan itfaiye ekipleri ve&#8230;<\/p>\n","protected":false},"author":1,"featured_media":92675,"comment_status":"open","ping_status":"open","sticky":false,"template":"","format":"standard","meta":{"_crdt_document":"","footnotes":""},"categories":[5],"tags":[],"class_list":["post-92674","post","type-post","status-publish","format-standard","has-post-thumbnail","hentry","category-asayis"],"_links":{"self":[{"href":"https:\/\/www.egemtv.com\/index.php?rest_route=\/wp\/v2\/posts\/92674","targetHints":{"allow":["GET"]}}],"collection":[{"href":"https:\/\/www.egemtv.com\/index.php?rest_route=\/wp\/v2\/posts"}],"about":[{"href":"https:\/\/www.egemtv.com\/index.php?rest_route=\/wp\/v2\/types\/post"}],"author":[{"embeddable":true,"href":"https:\/\/www.egemtv.com\/index.php?rest_route=\/wp\/v2\/users\/1"}],"replies":[{"embeddable":true,"href":"https:\/\/www.egemtv.com\/index.php?rest_route=%2Fwp%2Fv2%2Fcomments&post=92674"}],"version-history":[{"count":1,"href":"https:\/\/www.egemtv.com\/index.php?rest_route=\/wp\/v2\/posts\/92674\/revisions"}],"predecessor-version":[{"id":92676,"href":"https:\/\/www.egemtv.com\/index.php?rest_route=\/wp\/v2\/posts\/92674\/revisions\/92676"}],"wp:featuredmedia":[{"embeddable":true,"href":"https:\/\/www.egemtv.com\/index.php?rest_route=\/wp\/v2\/media\/92675"}],"wp:attachment":[{"href":"https:\/\/www.egemtv.com\/index.php?rest_route=%2Fwp%2Fv2%2Fmedia&parent=92674"}],"wp:term":[{"taxonomy":"category","embeddable":true,"href":"https:\/\/www.egemtv.com\/index.php?rest_route=%2Fwp%2Fv2%2Fcategories&post=92674"},{"taxonomy":"post_tag","embeddable":true,"href":"https:\/\/www.egemtv.com\/index.php?rest_route=%2Fwp%2Fv2%2Ftags&post=92674"}],"curies":[{"name":"wp","href":"https:\/\/api.w.org\/{rel}","templated":true}]}}