{"id":92671,"date":"2026-03-08T00:34:30","date_gmt":"2026-03-07T21:34:30","guid":{"rendered":"https:\/\/www.egemtv.com\/?p=92671"},"modified":"2026-03-08T00:34:31","modified_gmt":"2026-03-07T21:34:31","slug":"siddetli-yagislarin-kullanilamaz-hale-getirdigi-sarikavak-koprusu-110-milyona-yeniden-yapilacak","status":"publish","type":"post","link":"https:\/\/www.egemtv.com\/?p=92671","title":{"rendered":"\u015eiddetli ya\u011f\u0131\u015flar\u0131n kullan\u0131lamaz hale getirdi\u011fi Sar\u0131kavak K\u00f6pr\u00fcs\u00fc 110 milyona yeniden yap\u0131lacak"},"content":{"rendered":"<p>DEN\u0130ZL\u0130 (\u0130HA) \u2013 Denizli\u2019nin \u00c7ameli il\u00e7esinde \u015fiddetli ya\u011f\u0131\u015flar nedeniyle kullan\u0131lamaz hale gelen Sar\u0131kavak K\u00f6pr\u00fcs\u00fc 110 milyon TL\u2019lik yat\u0131r\u0131mla yeniden in\u015fa edilecek.<\/p>\n<p>\u00c7ameli\u2019nde yo\u011fun ya\u011f\u0131\u015flar sonras\u0131 kullan\u0131lamaz hale gelen Sar\u0131kavak Mahallesi k\u00f6pr\u00fcs\u00fc i\u00e7in beklenen m\u00fcjde geldi. AK Parti Denizli Milletvekili \u015eahin Tin, b\u00f6lge halk\u0131n\u0131n ula\u015f\u0131m \u00e7ilesine son verecek dev projenin detaylar\u0131n\u0131 payla\u015ft\u0131. Hasarl\u0131 k\u00f6pr\u00fcn\u00fcn yerine, tam 110 milyon TL yat\u0131r\u0131m bedeliyle modern ve dayan\u0131kl\u0131 bir k\u00f6pr\u00fc in\u015fa edilecek.<\/p>\n<p>\u00c7ameli il\u00e7esinde ge\u00e7ti\u011fimiz d\u00f6nemlerde ya\u015fanan a\u015f\u0131r\u0131 ya\u011f\u0131\u015flar, Sar\u0131kavak Mahallesi\u2019ndeki mevcut k\u00f6pr\u00fcde ciddi hasara yol a\u00e7m\u0131\u015f, yap\u0131 g\u00fcvenli\u011fini yitirerek ula\u015f\u0131ma kapanm\u0131\u015ft\u0131. Mahalle sakinlerinin ve \u00fcreticilerin ma\u011fduriyetini gidermek ad\u0131na ba\u015flat\u0131lan giri\u015fimler sonu\u00e7 verdi. Milletvekili \u015eahin Tin, projenin yat\u0131r\u0131m program\u0131na al\u0131nd\u0131\u011f\u0131n\u0131 ve en k\u0131sa s\u00fcrede \u00e7al\u0131\u015fmalar\u0131n ba\u015flayaca\u011f\u0131n\u0131 duyurdu.<br \/>\n<br \/>Konuyla ilgili a\u00e7\u0131klama yapan \u015eahin Tin, Denizli\u2019nin her k\u00f6\u015fesindeki ihtiya\u00e7lar\u0131 yak\u0131ndan takip ettiklerini vurgulayarak \u015funlar\u0131 kaydetti:<br \/>\n<br \/>&#8220;Yo\u011fun ya\u011f\u0131\u015flar nedeniyle hasar g\u00f6rerek kullan\u0131lamaz hale gelen \u00c7ameli il\u00e7emizin Sar\u0131kavak Mahalle k\u00f6pr\u00fcs\u00fcn\u00fc, 110 milyon TL\u2019lik b\u00fcy\u00fck bir yat\u0131r\u0131mlarla yeniden yap\u0131yoruz. B\u00f6lge halk\u0131m\u0131z\u0131n ula\u015f\u0131m konforunu ve g\u00fcvenli\u011fini en \u00fcst seviyeye \u00e7\u0131karacak bu yat\u0131r\u0131m\u0131n il\u00e7emize ve Sar\u0131kavak Mahallemize hay\u0131rl\u0131 olmas\u0131n\u0131 diliyorum.&#8221;<\/p>\n<p>Sadece bir ula\u015f\u0131m projesi de\u011fil, ayn\u0131 zamanda tar\u0131msal faaliyetlerin yo\u011fun oldu\u011fu b\u00f6lgede lojistik ak\u0131\u015f\u0131 da rahatlatacak olan yeni k\u00f6pr\u00fc, modern m\u00fchendislik teknikleriyle in\u015fa edilecek. 110 milyon TL gibi ciddi bir b\u00fct\u00e7enin ayr\u0131ld\u0131\u011f\u0131 proje, \u00c7ameli\u2019nin ula\u015f\u0131m altyap\u0131s\u0131na vurulan en \u00f6nemli m\u00fch\u00fcrlerden biri olacak.<br \/><\/p>\n","protected":false},"excerpt":{"rendered":"<p>DEN\u0130ZL\u0130 (\u0130HA) \u2013 Denizli\u2019nin \u00c7ameli il\u00e7esinde \u015fiddetli ya\u011f\u0131\u015flar nedeniyle kullan\u0131lamaz hale gelen Sar\u0131kavak K\u00f6pr\u00fcs\u00fc 110 milyon TL\u2019lik yat\u0131r\u0131mla yeniden in\u015fa edilecek. \u00c7ameli\u2019nde yo\u011fun ya\u011f\u0131\u015flar sonras\u0131 kullan\u0131lamaz hale gelen Sar\u0131kavak Mahallesi k\u00f6pr\u00fcs\u00fc i\u00e7in beklenen m\u00fcjde geldi. AK Parti Denizli Milletvekili \u015eahin Tin, b\u00f6lge halk\u0131n\u0131n ula\u015f\u0131m \u00e7ilesine son verecek dev projenin detaylar\u0131n\u0131 payla\u015ft\u0131. Hasarl\u0131 k\u00f6pr\u00fcn\u00fcn yerine, tam&#8230;<\/p>\n","protected":false},"author":1,"featured_media":92672,"comment_status":"open","ping_status":"open","sticky":false,"template":"","format":"standard","meta":{"_crdt_document":"","footnotes":""},"categories":[1],"tags":[],"class_list":["post-92671","post","type-post","status-publish","format-standard","has-post-thumbnail","hentry","category-guncel"],"_links":{"self":[{"href":"https:\/\/www.egemtv.com\/index.php?rest_route=\/wp\/v2\/posts\/92671","targetHints":{"allow":["GET"]}}],"collection":[{"href":"https:\/\/www.egemtv.com\/index.php?rest_route=\/wp\/v2\/posts"}],"about":[{"href":"https:\/\/www.egemtv.com\/index.php?rest_route=\/wp\/v2\/types\/post"}],"author":[{"embeddable":true,"href":"https:\/\/www.egemtv.com\/index.php?rest_route=\/wp\/v2\/users\/1"}],"replies":[{"embeddable":true,"href":"https:\/\/www.egemtv.com\/index.php?rest_route=%2Fwp%2Fv2%2Fcomments&post=92671"}],"version-history":[{"count":1,"href":"https:\/\/www.egemtv.com\/index.php?rest_route=\/wp\/v2\/posts\/92671\/revisions"}],"predecessor-version":[{"id":92673,"href":"https:\/\/www.egemtv.com\/index.php?rest_route=\/wp\/v2\/posts\/92671\/revisions\/92673"}],"wp:featuredmedia":[{"embeddable":true,"href":"https:\/\/www.egemtv.com\/index.php?rest_route=\/wp\/v2\/media\/92672"}],"wp:attachment":[{"href":"https:\/\/www.egemtv.com\/index.php?rest_route=%2Fwp%2Fv2%2Fmedia&parent=92671"}],"wp:term":[{"taxonomy":"category","embeddable":true,"href":"https:\/\/www.egemtv.com\/index.php?rest_route=%2Fwp%2Fv2%2Fcategories&post=92671"},{"taxonomy":"post_tag","embeddable":true,"href":"https:\/\/www.egemtv.com\/index.php?rest_route=%2Fwp%2Fv2%2Ftags&post=92671"}],"curies":[{"name":"wp","href":"https:\/\/api.w.org\/{rel}","templated":true}]}}