{"id":92668,"date":"2026-03-08T00:34:29","date_gmt":"2026-03-07T21:34:29","guid":{"rendered":"https:\/\/www.egemtv.com\/?p=92668"},"modified":"2026-03-08T00:34:30","modified_gmt":"2026-03-07T21:34:30","slug":"baskan-kepenek-kadinlarimiz-toplumumuzun-en-onemli-degerlerindendir","status":"publish","type":"post","link":"https:\/\/www.egemtv.com\/?p=92668","title":{"rendered":"Ba\u015fkan Kepenek; &#8220;Kad\u0131nlar\u0131m\u0131z toplumumuzun en \u00f6nemli de\u011ferlerindendir&#8221;"},"content":{"rendered":"<p>Honaz Belediye Ba\u015fkan\u0131 Y\u00fcksel Kepenek, 8 Mart D\u00fcnya Kad\u0131nlar G\u00fcn\u00fc dolay\u0131s\u0131yla yay\u0131mlad\u0131\u011f\u0131 mesajda kad\u0131nlar\u0131n toplumun geli\u015fmesindeki en \u00f6nemli g\u00fc\u00e7lerden biri oldu\u011funu belirterek t\u00fcm kad\u0131nlar\u0131n g\u00fcn\u00fcn\u00fc kutlad\u0131.<\/p>\n<p>Honaz Belediye Ba\u015fkan\u0131 Y\u00fcksel Kepenek, 8 Mart D\u00fcnya Kad\u0131nlar G\u00fcn\u00fc dolay\u0131s\u0131yla bir mesaj yay\u0131mlad\u0131. Ba\u015fkan Kepenek, kad\u0131nlar\u0131n toplumun temel yap\u0131 ta\u015flar\u0131ndan biri oldu\u011funu vurgulayarak emekleri, fedak\u00e2rl\u0131klar\u0131 ve ba\u015far\u0131lar\u0131yla hayat\u0131n her alan\u0131na de\u011fer katt\u0131klar\u0131n\u0131 ifade etti. Kad\u0131nlar\u0131n sosyal, ekonomik, k\u00fclt\u00fcrel ve siyasi hayatta daha g\u00fc\u00e7l\u00fc bir \u015fekilde yer almas\u0131n\u0131n toplumun geli\u015fimi a\u00e7\u0131s\u0131ndan b\u00fcy\u00fck \u00f6nem ta\u015f\u0131d\u0131\u011f\u0131n\u0131 belirten Ba\u015fkan Kepenek, kad\u0131nlar\u0131n hak ettikleri de\u011feri g\u00f6rmesi ve f\u0131rsat e\u015fitli\u011fine sahip olmas\u0131 gerekti\u011fine dikkat \u00e7ekti.<br \/>\n<br \/>Ba\u015fkan Kepenek mesaj\u0131nda \u015fu ifadelere yer verdi: &#8220;Kad\u0131nlar\u0131m\u0131z; sevgileri, emekleri, \u00fcretkenlikleri ve g\u00fc\u00e7l\u00fc duru\u015flar\u0131yla toplumumuzun en \u00f6nemli de\u011ferlerindendir. Aileden i\u015f hayat\u0131na, e\u011fitimden sosyal ya\u015fama kadar her alanda b\u00fcy\u00fck katk\u0131lar sunan kad\u0131nlar\u0131m\u0131z\u0131n desteklenmesi ve g\u00fc\u00e7lendirilmesi hepimizin ortak sorumlulu\u011fudur. Bu vesileyle ba\u015fta \u015fehit ve gazi anneleri olmak \u00fczere t\u00fcm kad\u0131nlar\u0131m\u0131z\u0131n 8 Mart D\u00fcnya Kad\u0131nlar G\u00fcn\u00fc\u2019n\u00fc kutluyor, sa\u011fl\u0131k, mutluluk ve ba\u015far\u0131 dolu bir ya\u015fam diliyorum.&#8221;<br \/><\/p>\n","protected":false},"excerpt":{"rendered":"<p>Honaz Belediye Ba\u015fkan\u0131 Y\u00fcksel Kepenek, 8 Mart D\u00fcnya Kad\u0131nlar G\u00fcn\u00fc dolay\u0131s\u0131yla yay\u0131mlad\u0131\u011f\u0131 mesajda kad\u0131nlar\u0131n toplumun geli\u015fmesindeki en \u00f6nemli g\u00fc\u00e7lerden biri oldu\u011funu belirterek t\u00fcm kad\u0131nlar\u0131n g\u00fcn\u00fcn\u00fc kutlad\u0131. Honaz Belediye Ba\u015fkan\u0131 Y\u00fcksel Kepenek, 8 Mart D\u00fcnya Kad\u0131nlar G\u00fcn\u00fc dolay\u0131s\u0131yla bir mesaj yay\u0131mlad\u0131. Ba\u015fkan Kepenek, kad\u0131nlar\u0131n toplumun temel yap\u0131 ta\u015flar\u0131ndan biri oldu\u011funu vurgulayarak emekleri, fedak\u00e2rl\u0131klar\u0131 ve ba\u015far\u0131lar\u0131yla hayat\u0131n&#8230;<\/p>\n","protected":false},"author":1,"featured_media":92669,"comment_status":"open","ping_status":"open","sticky":false,"template":"","format":"standard","meta":{"_crdt_document":"","footnotes":""},"categories":[123],"tags":[],"class_list":["post-92668","post","type-post","status-publish","format-standard","has-post-thumbnail","hentry","category-gundem"],"_links":{"self":[{"href":"https:\/\/www.egemtv.com\/index.php?rest_route=\/wp\/v2\/posts\/92668","targetHints":{"allow":["GET"]}}],"collection":[{"href":"https:\/\/www.egemtv.com\/index.php?rest_route=\/wp\/v2\/posts"}],"about":[{"href":"https:\/\/www.egemtv.com\/index.php?rest_route=\/wp\/v2\/types\/post"}],"author":[{"embeddable":true,"href":"https:\/\/www.egemtv.com\/index.php?rest_route=\/wp\/v2\/users\/1"}],"replies":[{"embeddable":true,"href":"https:\/\/www.egemtv.com\/index.php?rest_route=%2Fwp%2Fv2%2Fcomments&post=92668"}],"version-history":[{"count":1,"href":"https:\/\/www.egemtv.com\/index.php?rest_route=\/wp\/v2\/posts\/92668\/revisions"}],"predecessor-version":[{"id":92670,"href":"https:\/\/www.egemtv.com\/index.php?rest_route=\/wp\/v2\/posts\/92668\/revisions\/92670"}],"wp:featuredmedia":[{"embeddable":true,"href":"https:\/\/www.egemtv.com\/index.php?rest_route=\/wp\/v2\/media\/92669"}],"wp:attachment":[{"href":"https:\/\/www.egemtv.com\/index.php?rest_route=%2Fwp%2Fv2%2Fmedia&parent=92668"}],"wp:term":[{"taxonomy":"category","embeddable":true,"href":"https:\/\/www.egemtv.com\/index.php?rest_route=%2Fwp%2Fv2%2Fcategories&post=92668"},{"taxonomy":"post_tag","embeddable":true,"href":"https:\/\/www.egemtv.com\/index.php?rest_route=%2Fwp%2Fv2%2Ftags&post=92668"}],"curies":[{"name":"wp","href":"https:\/\/api.w.org\/{rel}","templated":true}]}}