{"id":92665,"date":"2026-03-08T00:14:32","date_gmt":"2026-03-07T21:14:32","guid":{"rendered":"https:\/\/www.egemtv.com\/?p=92665"},"modified":"2026-03-08T00:14:32","modified_gmt":"2026-03-07T21:14:32","slug":"baskan-dogan-bir-sehri-gercekten-yasanir-kilan-kadinlarin-gucu-mutlulugu-ve-enerjisidir","status":"publish","type":"post","link":"https:\/\/www.egemtv.com\/?p=92665","title":{"rendered":"Ba\u015fkan Do\u011fan; &#8220;Bir \u015fehri ger\u00e7ekten ya\u015fan\u0131r k\u0131lan, kad\u0131nlar\u0131n g\u00fcc\u00fc, mutlulu\u011fu ve enerjisidir&#8221;"},"content":{"rendered":"<p>Merkezefendi Belediye Ba\u015fkan\u0131 \u015eeniz Do\u011fan, 8 Mart D\u00fcnya Emek\u00e7i Kad\u0131nlar G\u00fcn\u00fc nedeniyle bir mesaj yay\u0131mlad\u0131.<\/p>\n<p>8 Mart D\u00fcnya Emek\u00e7i Kad\u0131nlar G\u00fcn\u00fc, kad\u0131nlar\u0131n yerel ve uluslararas\u0131 alanda y\u00fcr\u00fctt\u00fc\u011f\u00fc m\u00fccadelelerin bir \u00fcr\u00fcn\u00fc oldu\u011funu belirten Ba\u015fkan Do\u011fan, &#8220;Sevgili kad\u0131nlar, Merkezefendi\u2019mizin her soka\u011f\u0131nda, her mahallesinde sizin eme\u011finiz ve iziniz var. Biz \u015funa inan\u0131yoruz, bir il\u00e7eyi, bir \u015fehri ger\u00e7ekten ya\u015fan\u0131r k\u0131lan, kad\u0131nlar\u0131n g\u00fcc\u00fc, mutlulu\u011fu ve enerjisidir. Siz varsan\u0131z bu il\u00e7e, bu \u015fehir, bu toplum g\u00fc\u00e7l\u00fcd\u00fcr. Merkezefendi Belediyesi olarak t\u00fcm \u00e7abam\u0131z, kad\u0131nlar\u0131n hayat\u0131n her alan\u0131nda daha fazla yer almas\u0131n\u0131, mutlu ve huzurlu olmas\u0131n\u0131 sa\u011flamak. Sizi destekleyen, sesinizi duyuran ve her ad\u0131mda yan\u0131n\u0131zda olan bir anlay\u0131\u015fla var g\u00fcc\u00fcm\u00fczle \u00e7al\u0131\u015f\u0131yoruz. Biliyorum ki bizler, dayan\u0131\u015fma i\u00e7inde oldu\u011fumuz s\u00fcrece her zorlu\u011fu a\u015far, her hayali ger\u00e7e\u011fe d\u00f6n\u00fc\u015ft\u00fcr\u00fcr\u00fcz. Cumhuriyetimizin kurucusu Mustafa Kemal Atat\u00fcrk\u2019\u00fcn ileri g\u00f6r\u00fc\u015fl\u00fcl\u00fc\u011f\u00fc ile kad\u0131nlara bir\u00e7ok hak tan\u0131m\u0131\u015f ve bu sayede kad\u0131nlar\u0131m\u0131z \u00fclkemizin ilerlemesine \u00f6nemli katk\u0131larda bulunmu\u015ftur. Kad\u0131nlar\u0131n kar\u015f\u0131la\u015ft\u0131\u011f\u0131 \u015fiddet, cinayet ve taciz gibi olumsuzluklar\u0131n son buldu\u011fu, kad\u0131nlar\u0131n ba\u015far\u0131lar\u0131yla an\u0131lan bir d\u00fcnya diliyorum. Eme\u011fiyle, m\u00fccadelesiyle ve varl\u0131\u011f\u0131yla d\u00fcnyay\u0131 g\u00fczelle\u015ftiren t\u00fcm kad\u0131nlar\u0131n 8 Mart D\u00fcnya Kad\u0131nlar G\u00fcn\u00fc\u2019n\u00fc kutluyorum. \u0130yi ki vars\u0131n\u0131z&#8221; dedi.<br \/><\/p>\n","protected":false},"excerpt":{"rendered":"<p>Merkezefendi Belediye Ba\u015fkan\u0131 \u015eeniz Do\u011fan, 8 Mart D\u00fcnya Emek\u00e7i Kad\u0131nlar G\u00fcn\u00fc nedeniyle bir mesaj yay\u0131mlad\u0131. 8 Mart D\u00fcnya Emek\u00e7i Kad\u0131nlar G\u00fcn\u00fc, kad\u0131nlar\u0131n yerel ve uluslararas\u0131 alanda y\u00fcr\u00fctt\u00fc\u011f\u00fc m\u00fccadelelerin bir \u00fcr\u00fcn\u00fc oldu\u011funu belirten Ba\u015fkan Do\u011fan, &#8220;Sevgili kad\u0131nlar, Merkezefendi\u2019mizin her soka\u011f\u0131nda, her mahallesinde sizin eme\u011finiz ve iziniz var. Biz \u015funa inan\u0131yoruz, bir il\u00e7eyi, bir \u015fehri ger\u00e7ekten ya\u015fan\u0131r&#8230;<\/p>\n","protected":false},"author":1,"featured_media":92666,"comment_status":"open","ping_status":"open","sticky":false,"template":"","format":"standard","meta":{"_crdt_document":"","footnotes":""},"categories":[123],"tags":[],"class_list":["post-92665","post","type-post","status-publish","format-standard","has-post-thumbnail","hentry","category-gundem"],"_links":{"self":[{"href":"https:\/\/www.egemtv.com\/index.php?rest_route=\/wp\/v2\/posts\/92665","targetHints":{"allow":["GET"]}}],"collection":[{"href":"https:\/\/www.egemtv.com\/index.php?rest_route=\/wp\/v2\/posts"}],"about":[{"href":"https:\/\/www.egemtv.com\/index.php?rest_route=\/wp\/v2\/types\/post"}],"author":[{"embeddable":true,"href":"https:\/\/www.egemtv.com\/index.php?rest_route=\/wp\/v2\/users\/1"}],"replies":[{"embeddable":true,"href":"https:\/\/www.egemtv.com\/index.php?rest_route=%2Fwp%2Fv2%2Fcomments&post=92665"}],"version-history":[{"count":1,"href":"https:\/\/www.egemtv.com\/index.php?rest_route=\/wp\/v2\/posts\/92665\/revisions"}],"predecessor-version":[{"id":92667,"href":"https:\/\/www.egemtv.com\/index.php?rest_route=\/wp\/v2\/posts\/92665\/revisions\/92667"}],"wp:featuredmedia":[{"embeddable":true,"href":"https:\/\/www.egemtv.com\/index.php?rest_route=\/wp\/v2\/media\/92666"}],"wp:attachment":[{"href":"https:\/\/www.egemtv.com\/index.php?rest_route=%2Fwp%2Fv2%2Fmedia&parent=92665"}],"wp:term":[{"taxonomy":"category","embeddable":true,"href":"https:\/\/www.egemtv.com\/index.php?rest_route=%2Fwp%2Fv2%2Fcategories&post=92665"},{"taxonomy":"post_tag","embeddable":true,"href":"https:\/\/www.egemtv.com\/index.php?rest_route=%2Fwp%2Fv2%2Ftags&post=92665"}],"curies":[{"name":"wp","href":"https:\/\/api.w.org\/{rel}","templated":true}]}}