{"id":92662,"date":"2026-03-07T22:54:39","date_gmt":"2026-03-07T19:54:39","guid":{"rendered":"https:\/\/www.egemtv.com\/?p=92662"},"modified":"2026-03-07T22:54:40","modified_gmt":"2026-03-07T19:54:40","slug":"aydinlilar-buyuksehirin-iftar-sofralarinda-bulusuyor","status":"publish","type":"post","link":"https:\/\/www.egemtv.com\/?p=92662","title":{"rendered":"Ayd\u0131nl\u0131lar, B\u00fcy\u00fck\u015fehirin iftar sofralar\u0131nda bulu\u015fuyor"},"content":{"rendered":"<p>Ayd\u0131n B\u00fcy\u00fck\u015fehir Belediyesi\u2019nin iftar sofralar\u0131nda bir araya gelen vatanda\u015flar, dualarla oru\u00e7lar\u0131n\u0131 a\u00e7t\u0131.<br \/>\n<br \/>Her y\u0131l oldu\u011fu gibi bu y\u0131l da vatanda\u015flar\u0131 iftar sofralar\u0131nda bulu\u015fturan Ayd\u0131n B\u00fcy\u00fck\u015fehir Belediyesi, Ramazan ay\u0131n\u0131n bereketini ve dayan\u0131\u015fma ruhunu Ayd\u0131n\u2019\u0131n d\u00f6rt bir yan\u0131na ta\u015f\u0131may\u0131 s\u00fcrd\u00fcr\u00fcyor. B\u00fcy\u00fck\u015fehir Belediyesi\u2019nin kurdu\u011fu g\u00f6n\u00fcl sofralar\u0131nda her ya\u015ftan her g\u00fcn binlerce vatanda\u015f bir araya geliyor. B\u00fcy\u00fck\u015fehir Belediyesi\u2019nin iftar sofralar\u0131 bug\u00fcn de Efeler il\u00e7esinde Atat\u00fcrk Kent Meydan\u0131 ve Dalama Mahallesi\u2019nde, Sultanhisar il\u00e7esinde Cumhuriyet Meydan\u0131\u2019nda, Karacasu il\u00e7esinde Yaylal\u0131 Mahallesi\u2019nde, \u0130ncirliova il\u00e7esinde Acarlar Mahallesi\u2019nde, Ku\u015fadas\u0131 il\u00e7esinde Davutlar Mahallesi\u2019nde, K\u00f6\u015fk il\u00e7esinde G\u00f6kkiri\u015f Mahallesi\u2019nde ve Didim il\u00e7esinde Denizk\u00f6y Mahallesi\u2019nde kuruldu.<br \/>\n<br \/>B\u00fcy\u00fck\u015fehir Belediyesi\u2019nin iftar sofralar\u0131nda bug\u00fcn de binlerce vatanda\u015f oru\u00e7lar\u0131n\u0131 hep birlikte a\u00e7t\u0131. Mahallelerinde kurulan sofralarda bir araya gelen vatanda\u015flar, Ramazan ay\u0131n\u0131n birlik ve beraberlik ruhunu hep birlikte ya\u015fad\u0131klar\u0131n\u0131 belirterek Ayd\u0131n B\u00fcy\u00fck\u015fehir Belediye Ba\u015fkan\u0131 \u00d6zlem \u00c7er\u00e7io\u011flu\u2019na te\u015fekk\u00fcr etti. Ayd\u0131n B\u00fcy\u00fck\u015fehir Belediyesi, Ramazan ay\u0131 boyunca iftar sofralar\u0131yla Ayd\u0131nl\u0131lar\u0131 bir araya getirmeyi s\u00fcrd\u00fcrecek.<br \/><\/p>\n","protected":false},"excerpt":{"rendered":"<p>Ayd\u0131n B\u00fcy\u00fck\u015fehir Belediyesi\u2019nin iftar sofralar\u0131nda bir araya gelen vatanda\u015flar, dualarla oru\u00e7lar\u0131n\u0131 a\u00e7t\u0131. Her y\u0131l oldu\u011fu gibi bu y\u0131l da vatanda\u015flar\u0131 iftar sofralar\u0131nda bulu\u015fturan Ayd\u0131n B\u00fcy\u00fck\u015fehir Belediyesi, Ramazan ay\u0131n\u0131n bereketini ve dayan\u0131\u015fma ruhunu Ayd\u0131n\u2019\u0131n d\u00f6rt bir yan\u0131na ta\u015f\u0131may\u0131 s\u00fcrd\u00fcr\u00fcyor. B\u00fcy\u00fck\u015fehir Belediyesi\u2019nin kurdu\u011fu g\u00f6n\u00fcl sofralar\u0131nda her ya\u015ftan her g\u00fcn binlerce vatanda\u015f bir araya geliyor. B\u00fcy\u00fck\u015fehir Belediyesi\u2019nin iftar&#8230;<\/p>\n","protected":false},"author":1,"featured_media":92663,"comment_status":"open","ping_status":"open","sticky":false,"template":"","format":"standard","meta":{"_crdt_document":"","footnotes":""},"categories":[1],"tags":[],"class_list":["post-92662","post","type-post","status-publish","format-standard","has-post-thumbnail","hentry","category-guncel"],"_links":{"self":[{"href":"https:\/\/www.egemtv.com\/index.php?rest_route=\/wp\/v2\/posts\/92662","targetHints":{"allow":["GET"]}}],"collection":[{"href":"https:\/\/www.egemtv.com\/index.php?rest_route=\/wp\/v2\/posts"}],"about":[{"href":"https:\/\/www.egemtv.com\/index.php?rest_route=\/wp\/v2\/types\/post"}],"author":[{"embeddable":true,"href":"https:\/\/www.egemtv.com\/index.php?rest_route=\/wp\/v2\/users\/1"}],"replies":[{"embeddable":true,"href":"https:\/\/www.egemtv.com\/index.php?rest_route=%2Fwp%2Fv2%2Fcomments&post=92662"}],"version-history":[{"count":1,"href":"https:\/\/www.egemtv.com\/index.php?rest_route=\/wp\/v2\/posts\/92662\/revisions"}],"predecessor-version":[{"id":92664,"href":"https:\/\/www.egemtv.com\/index.php?rest_route=\/wp\/v2\/posts\/92662\/revisions\/92664"}],"wp:featuredmedia":[{"embeddable":true,"href":"https:\/\/www.egemtv.com\/index.php?rest_route=\/wp\/v2\/media\/92663"}],"wp:attachment":[{"href":"https:\/\/www.egemtv.com\/index.php?rest_route=%2Fwp%2Fv2%2Fmedia&parent=92662"}],"wp:term":[{"taxonomy":"category","embeddable":true,"href":"https:\/\/www.egemtv.com\/index.php?rest_route=%2Fwp%2Fv2%2Fcategories&post=92662"},{"taxonomy":"post_tag","embeddable":true,"href":"https:\/\/www.egemtv.com\/index.php?rest_route=%2Fwp%2Fv2%2Ftags&post=92662"}],"curies":[{"name":"wp","href":"https:\/\/api.w.org\/{rel}","templated":true}]}}