{"id":92659,"date":"2026-03-07T22:45:35","date_gmt":"2026-03-07T19:45:35","guid":{"rendered":"https:\/\/www.egemtv.com\/?p=92659"},"modified":"2026-03-07T22:45:36","modified_gmt":"2026-03-07T19:45:36","slug":"minikler-jandarma-filosunda-milli-teknolojiyle-tanisti","status":"publish","type":"post","link":"https:\/\/www.egemtv.com\/?p=92659","title":{"rendered":"Minikler jandarma filosunda milli teknolojiyle tan\u0131\u015ft\u0131"},"content":{"rendered":"<p>Ayd\u0131n\u2019\u0131n Nazilli il\u00e7esinde Latife Han\u0131m Anaokulu \u00f6\u011frencileri, Ayd\u0131n Jandarma Filo Komutanl\u0131\u011f\u0131\u2019n\u0131 ziyaret ederek helikopter ve \u0130HA\u2019lar\u0131 yak\u0131ndan inceleme f\u0131rsat\u0131 buldu.<\/p>\n<p>Ayd\u0131n\u2019\u0131n Nazilli il\u00e7esinde e\u011fitim g\u00f6ren Latife Han\u0131m Anaokulu \u00f6\u011frencileri, d\u00fczenlenen gezi kapsam\u0131nda Ayd\u0131n Jandarma Filo Komutanl\u0131\u011f\u0131\u2019n\u0131 ziyaret etti. Ziyaret s\u0131ras\u0131nda minik \u00f6\u011frenciler, g\u00f6revli personelin rehberli\u011finde komutanl\u0131k envanterinde bulunan helikopterler ile insans\u0131z hava ara\u00e7lar\u0131n\u0131 yak\u0131ndan g\u00f6rme imkan\u0131 buldu. \u00d6\u011frencilere hava ara\u00e7lar\u0131n\u0131n g\u00f6revleri ve kullan\u0131m alanlar\u0131 hakk\u0131nda bilgi verildi. Etkinlik kapsam\u0131nda \u00e7ocuklar, T\u00fcrkiye\u2019nin savunma alan\u0131ndaki teknolojileri hakk\u0131nda bilgi edinirken, vatan ve bayrak sevgisi ile milli de\u011ferler konusunda da fark\u0131ndal\u0131k kazand\u0131.<\/p>\n<p>Okul M\u00fcd\u00fcr\u00fc Hicran Toprak\u00e7\u0131, okul d\u0131\u015f\u0131 \u00f6\u011frenme etkinliklerinin \u00e7ocuklar\u0131n hayal d\u00fcnyas\u0131n\u0131 geni\u015fletti\u011fini ve onlar\u0131n d\u00fcnyaya bak\u0131\u015f a\u00e7\u0131lar\u0131n\u0131 zenginle\u015ftirdi\u011fini belirterek, &#8220;\u00c7ocuklar\u0131m\u0131z\u0131n \u00fclkemizin milli teknolojisini, eme\u011fini ve g\u00fcc\u00fcn\u00fc yerinde g\u00f6rmesi onlar\u0131n ufkunu a\u00e7\u0131yor. Bu t\u00fcr etkinliklerle hem \u00f6\u011freniyor hem de de\u011ferlerimizi hissediyorlar&#8221; dedi. Ayr\u0131ca Toprak\u00e7\u0131, etkinli\u011fin ger\u00e7ekle\u015fmesinde g\u00f6sterdikleri misafirperverlik ve destekten dolay\u0131 Ayd\u0131n Jandarma Filo Komutanl\u0131\u011f\u0131 personeline te\u015fekk\u00fcr etti.<br \/><\/p>\n","protected":false},"excerpt":{"rendered":"<p>Ayd\u0131n\u2019\u0131n Nazilli il\u00e7esinde Latife Han\u0131m Anaokulu \u00f6\u011frencileri, Ayd\u0131n Jandarma Filo Komutanl\u0131\u011f\u0131\u2019n\u0131 ziyaret ederek helikopter ve \u0130HA\u2019lar\u0131 yak\u0131ndan inceleme f\u0131rsat\u0131 buldu. Ayd\u0131n\u2019\u0131n Nazilli il\u00e7esinde e\u011fitim g\u00f6ren Latife Han\u0131m Anaokulu \u00f6\u011frencileri, d\u00fczenlenen gezi kapsam\u0131nda Ayd\u0131n Jandarma Filo Komutanl\u0131\u011f\u0131\u2019n\u0131 ziyaret etti. Ziyaret s\u0131ras\u0131nda minik \u00f6\u011frenciler, g\u00f6revli personelin rehberli\u011finde komutanl\u0131k envanterinde bulunan helikopterler ile insans\u0131z hava ara\u00e7lar\u0131n\u0131 yak\u0131ndan g\u00f6rme&#8230;<\/p>\n","protected":false},"author":1,"featured_media":92660,"comment_status":"open","ping_status":"open","sticky":false,"template":"","format":"standard","meta":{"_crdt_document":"","footnotes":""},"categories":[1],"tags":[],"class_list":["post-92659","post","type-post","status-publish","format-standard","has-post-thumbnail","hentry","category-guncel"],"_links":{"self":[{"href":"https:\/\/www.egemtv.com\/index.php?rest_route=\/wp\/v2\/posts\/92659","targetHints":{"allow":["GET"]}}],"collection":[{"href":"https:\/\/www.egemtv.com\/index.php?rest_route=\/wp\/v2\/posts"}],"about":[{"href":"https:\/\/www.egemtv.com\/index.php?rest_route=\/wp\/v2\/types\/post"}],"author":[{"embeddable":true,"href":"https:\/\/www.egemtv.com\/index.php?rest_route=\/wp\/v2\/users\/1"}],"replies":[{"embeddable":true,"href":"https:\/\/www.egemtv.com\/index.php?rest_route=%2Fwp%2Fv2%2Fcomments&post=92659"}],"version-history":[{"count":1,"href":"https:\/\/www.egemtv.com\/index.php?rest_route=\/wp\/v2\/posts\/92659\/revisions"}],"predecessor-version":[{"id":92661,"href":"https:\/\/www.egemtv.com\/index.php?rest_route=\/wp\/v2\/posts\/92659\/revisions\/92661"}],"wp:featuredmedia":[{"embeddable":true,"href":"https:\/\/www.egemtv.com\/index.php?rest_route=\/wp\/v2\/media\/92660"}],"wp:attachment":[{"href":"https:\/\/www.egemtv.com\/index.php?rest_route=%2Fwp%2Fv2%2Fmedia&parent=92659"}],"wp:term":[{"taxonomy":"category","embeddable":true,"href":"https:\/\/www.egemtv.com\/index.php?rest_route=%2Fwp%2Fv2%2Fcategories&post=92659"},{"taxonomy":"post_tag","embeddable":true,"href":"https:\/\/www.egemtv.com\/index.php?rest_route=%2Fwp%2Fv2%2Ftags&post=92659"}],"curies":[{"name":"wp","href":"https:\/\/api.w.org\/{rel}","templated":true}]}}