{"id":92656,"date":"2026-03-07T22:45:34","date_gmt":"2026-03-07T19:45:34","guid":{"rendered":"https:\/\/www.egemtv.com\/?p=92656"},"modified":"2026-03-07T22:45:35","modified_gmt":"2026-03-07T19:45:35","slug":"usakta-tarihi-eser-kacakcilari-63-sikkeyle-yakalandi","status":"publish","type":"post","link":"https:\/\/www.egemtv.com\/?p=92656","title":{"rendered":"U\u015fak\u2019ta tarihi eser ka\u00e7ak\u00e7\u0131lar\u0131 63 sikkeyle yakaland\u0131"},"content":{"rendered":"<p>U\u015fak\u2019\u0131n Banaz il\u00e7esinde jandarma ekiplerince d\u00fczenlenen operasyonda \u00e7ok say\u0131da sikke ve tarihi obje ele ge\u00e7irildi.<\/p>\n<p>U\u015fak \u0130l Jandarma Komutanl\u0131\u011f\u0131 ekipleri taraf\u0131ndan ka\u00e7ak\u00e7\u0131l\u0131k olaylar\u0131n\u0131n \u00f6nlenmesine y\u00f6nelik y\u00fcr\u00fct\u00fclen \u00e7al\u0131\u015fmalar kapsam\u0131nda Banaz il\u00e7esine ba\u011fl\u0131 Yenice k\u00f6y\u00fcnde ikamet eden A.\u00d6.\u2019n\u00fcn evinde arama yap\u0131ld\u0131. Yap\u0131lan aramada 63 sikke ile 24 tarihi obje, 1 dedekt\u00f6r ve 2 ruhsats\u0131z av t\u00fcfe\u011fi de bulundu ele ge\u00e7irildi.<br \/>\n<br \/>Olayla ilgili \u015f\u00fcpheli A.\u00d6. hakk\u0131nda adli i\u015flem ba\u015flat\u0131ld\u0131\u011f\u0131 \u00f6\u011frenildi.<br \/><\/p>\n","protected":false},"excerpt":{"rendered":"<p>U\u015fak\u2019\u0131n Banaz il\u00e7esinde jandarma ekiplerince d\u00fczenlenen operasyonda \u00e7ok say\u0131da sikke ve tarihi obje ele ge\u00e7irildi. U\u015fak \u0130l Jandarma Komutanl\u0131\u011f\u0131 ekipleri taraf\u0131ndan ka\u00e7ak\u00e7\u0131l\u0131k olaylar\u0131n\u0131n \u00f6nlenmesine y\u00f6nelik y\u00fcr\u00fct\u00fclen \u00e7al\u0131\u015fmalar kapsam\u0131nda Banaz il\u00e7esine ba\u011fl\u0131 Yenice k\u00f6y\u00fcnde ikamet eden A.\u00d6.\u2019n\u00fcn evinde arama yap\u0131ld\u0131. Yap\u0131lan aramada 63 sikke ile 24 tarihi obje, 1 dedekt\u00f6r ve 2 ruhsats\u0131z av t\u00fcfe\u011fi de&#8230;<\/p>\n","protected":false},"author":1,"featured_media":92657,"comment_status":"open","ping_status":"open","sticky":false,"template":"","format":"standard","meta":{"_crdt_document":"","footnotes":""},"categories":[5],"tags":[],"class_list":["post-92656","post","type-post","status-publish","format-standard","has-post-thumbnail","hentry","category-asayis"],"_links":{"self":[{"href":"https:\/\/www.egemtv.com\/index.php?rest_route=\/wp\/v2\/posts\/92656","targetHints":{"allow":["GET"]}}],"collection":[{"href":"https:\/\/www.egemtv.com\/index.php?rest_route=\/wp\/v2\/posts"}],"about":[{"href":"https:\/\/www.egemtv.com\/index.php?rest_route=\/wp\/v2\/types\/post"}],"author":[{"embeddable":true,"href":"https:\/\/www.egemtv.com\/index.php?rest_route=\/wp\/v2\/users\/1"}],"replies":[{"embeddable":true,"href":"https:\/\/www.egemtv.com\/index.php?rest_route=%2Fwp%2Fv2%2Fcomments&post=92656"}],"version-history":[{"count":1,"href":"https:\/\/www.egemtv.com\/index.php?rest_route=\/wp\/v2\/posts\/92656\/revisions"}],"predecessor-version":[{"id":92658,"href":"https:\/\/www.egemtv.com\/index.php?rest_route=\/wp\/v2\/posts\/92656\/revisions\/92658"}],"wp:featuredmedia":[{"embeddable":true,"href":"https:\/\/www.egemtv.com\/index.php?rest_route=\/wp\/v2\/media\/92657"}],"wp:attachment":[{"href":"https:\/\/www.egemtv.com\/index.php?rest_route=%2Fwp%2Fv2%2Fmedia&parent=92656"}],"wp:term":[{"taxonomy":"category","embeddable":true,"href":"https:\/\/www.egemtv.com\/index.php?rest_route=%2Fwp%2Fv2%2Fcategories&post=92656"},{"taxonomy":"post_tag","embeddable":true,"href":"https:\/\/www.egemtv.com\/index.php?rest_route=%2Fwp%2Fv2%2Ftags&post=92656"}],"curies":[{"name":"wp","href":"https:\/\/api.w.org\/{rel}","templated":true}]}}