{"id":92647,"date":"2026-03-07T22:45:31","date_gmt":"2026-03-07T19:45:31","guid":{"rendered":"https:\/\/www.egemtv.com\/?p=92647"},"modified":"2026-03-07T22:45:31","modified_gmt":"2026-03-07T19:45:31","slug":"usak-tarim-ve-orman-mudurlugu-ekipleri-ureticilerle-bir-araya-geldi","status":"publish","type":"post","link":"https:\/\/www.egemtv.com\/?p=92647","title":{"rendered":"U\u015fak Tar\u0131m ve Orman M\u00fcd\u00fcrl\u00fc\u011f\u00fc ekipleri \u00fcreticilerle bir araya geldi"},"content":{"rendered":"<p>U\u015fak \u0130l Tar\u0131m ve Orman M\u00fcd\u00fcrl\u00fc\u011f\u00fc ekipleri, \u00fcreticilerle bir araya gelerek i\u015fletmelerde incelemelerde bulundu.<\/p>\n<p>U\u015fak \u0130l Tar\u0131m ve Orman M\u00fcd\u00fcrl\u00fc\u011f\u00fc taraf\u0131ndan \u00fcreticilerle sahada bulu\u015fma programlar\u0131 kapsam\u0131nda k\u00f6ylerde ziyaretler ger\u00e7ekle\u015ftirildi. \u0130l Tar\u0131m ve Orman M\u00fcd\u00fcr\u00fc Serkan Bilir \u00f6nc\u00fcl\u00fc\u011f\u00fcnde ger\u00e7ekle\u015ftirilen ziyaretlere il m\u00fcd\u00fcr yard\u0131mc\u0131lar\u0131, il\u00e7e m\u00fcd\u00fcrleri ve teknik personeller kat\u0131ld\u0131.<br \/>\n<br \/>Ziyaretlerde i\u015fletmelerin genel durumu ve \u00fcretim kapasitesi yerinde incelenirken, s\u00fcr\u00fc sa\u011fl\u0131\u011f\u0131, hastal\u0131ktan ari i\u015fletme \u00e7al\u0131\u015fmalar\u0131, koruyucu hekimlik hizmetleri ve a\u015f\u0131lama takvimi hakk\u0131nda \u00fcreticilere bilgilendirmelerde bulunuldu. Ayr\u0131ca yemleme programlar\u0131, bak\u0131m ko\u015fullar\u0131, verimlilik art\u0131r\u0131c\u0131 uygulamalar ile biyog\u00fcvenlik kurallar\u0131 ve hijyen tedbirleri de ele al\u0131nd\u0131.<br \/>\n<br \/>Program kapsam\u0131nda \u00fcreticilere tar\u0131m sigortalar\u0131n\u0131n sundu\u011fu teminatlar, destekleme modelleri ve g\u00fcncel ba\u015fvuru s\u00fcre\u00e7leri hakk\u0131nda da bilgi verildi.<\/p>\n<p>U\u015fak \u0130l Tar\u0131m ve Orman M\u00fcd\u00fcrl\u00fc\u011f\u00fc\u2019n\u00fcn sosyal medya \u00fczerinden yap\u0131lan payla\u015f\u0131ma g\u00f6re, ziyaretlerde \u00fcreticilerin talep ve beklentilerinin de dinlendi\u011fini belirterek, sahada kar\u015f\u0131la\u015f\u0131lan sorunlara h\u0131zl\u0131 ve yerinde \u00e7\u00f6z\u00fcmler \u00fcretmek i\u00e7in \u00e7al\u0131\u015fmalar\u0131n s\u00fcrd\u00fcr\u00fcld\u00fc\u011f\u00fcn\u00fc ifade etti.<br \/><\/p>\n","protected":false},"excerpt":{"rendered":"<p>U\u015fak \u0130l Tar\u0131m ve Orman M\u00fcd\u00fcrl\u00fc\u011f\u00fc ekipleri, \u00fcreticilerle bir araya gelerek i\u015fletmelerde incelemelerde bulundu. U\u015fak \u0130l Tar\u0131m ve Orman M\u00fcd\u00fcrl\u00fc\u011f\u00fc taraf\u0131ndan \u00fcreticilerle sahada bulu\u015fma programlar\u0131 kapsam\u0131nda k\u00f6ylerde ziyaretler ger\u00e7ekle\u015ftirildi. \u0130l Tar\u0131m ve Orman M\u00fcd\u00fcr\u00fc Serkan Bilir \u00f6nc\u00fcl\u00fc\u011f\u00fcnde ger\u00e7ekle\u015ftirilen ziyaretlere il m\u00fcd\u00fcr yard\u0131mc\u0131lar\u0131, il\u00e7e m\u00fcd\u00fcrleri ve teknik personeller kat\u0131ld\u0131. Ziyaretlerde i\u015fletmelerin genel durumu ve \u00fcretim kapasitesi&#8230;<\/p>\n","protected":false},"author":1,"featured_media":92648,"comment_status":"open","ping_status":"open","sticky":false,"template":"","format":"standard","meta":{"_crdt_document":"","footnotes":""},"categories":[1],"tags":[],"class_list":["post-92647","post","type-post","status-publish","format-standard","has-post-thumbnail","hentry","category-guncel"],"_links":{"self":[{"href":"https:\/\/www.egemtv.com\/index.php?rest_route=\/wp\/v2\/posts\/92647","targetHints":{"allow":["GET"]}}],"collection":[{"href":"https:\/\/www.egemtv.com\/index.php?rest_route=\/wp\/v2\/posts"}],"about":[{"href":"https:\/\/www.egemtv.com\/index.php?rest_route=\/wp\/v2\/types\/post"}],"author":[{"embeddable":true,"href":"https:\/\/www.egemtv.com\/index.php?rest_route=\/wp\/v2\/users\/1"}],"replies":[{"embeddable":true,"href":"https:\/\/www.egemtv.com\/index.php?rest_route=%2Fwp%2Fv2%2Fcomments&post=92647"}],"version-history":[{"count":1,"href":"https:\/\/www.egemtv.com\/index.php?rest_route=\/wp\/v2\/posts\/92647\/revisions"}],"predecessor-version":[{"id":92649,"href":"https:\/\/www.egemtv.com\/index.php?rest_route=\/wp\/v2\/posts\/92647\/revisions\/92649"}],"wp:featuredmedia":[{"embeddable":true,"href":"https:\/\/www.egemtv.com\/index.php?rest_route=\/wp\/v2\/media\/92648"}],"wp:attachment":[{"href":"https:\/\/www.egemtv.com\/index.php?rest_route=%2Fwp%2Fv2%2Fmedia&parent=92647"}],"wp:term":[{"taxonomy":"category","embeddable":true,"href":"https:\/\/www.egemtv.com\/index.php?rest_route=%2Fwp%2Fv2%2Fcategories&post=92647"},{"taxonomy":"post_tag","embeddable":true,"href":"https:\/\/www.egemtv.com\/index.php?rest_route=%2Fwp%2Fv2%2Ftags&post=92647"}],"curies":[{"name":"wp","href":"https:\/\/api.w.org\/{rel}","templated":true}]}}