{"id":92644,"date":"2026-03-07T22:45:30","date_gmt":"2026-03-07T19:45:30","guid":{"rendered":"https:\/\/www.egemtv.com\/?p=92644"},"modified":"2026-03-07T22:45:31","modified_gmt":"2026-03-07T19:45:31","slug":"merkezefendi-basket-zorlu-bahcesehir-koleji-macina-bileniyor","status":"publish","type":"post","link":"https:\/\/www.egemtv.com\/?p=92644","title":{"rendered":"Merkezefendi Basket zorlu Bah\u00e7e\u015fehir Koleji ma\u00e7\u0131na bileniyor"},"content":{"rendered":"<p>Yukatel Merkezefendi Belediyesi Denizli Basket Ba\u015fantren\u00f6r\u00fc Zafer Akta\u015f, Be\u015fikta\u015f Gain\u2019e deplasmanda ma\u011flup olduklar\u0131 kar\u015f\u0131la\u015fman\u0131n ard\u0131ndan de\u011ferlendirmelerde bulundu. Deneyimli \u00e7al\u0131\u015ft\u0131r\u0131c\u0131, tak\u0131m\u0131n\u0131n ortaya koydu\u011fu m\u00fccadeleden memnun oldu\u011funu belirtirken, \u00f6nlerindeki Bah\u00e7e\u015fehir Koleji ma\u00e7\u0131n\u0131n b\u00fcy\u00fck \u00f6nem ta\u015f\u0131d\u0131\u011f\u0131n\u0131 vurgulad\u0131.<\/p>\n<p>FIBA aras\u0131 sonras\u0131nda oynanan m\u00fccadeleyi de\u011ferlendiren Akta\u015f, eksik kadroya ve yo\u011fun fikst\u00fcre ra\u011fmen oyuncular\u0131n\u0131n sahada b\u00fcy\u00fck bir m\u00fccadele ortaya koydu\u011funu s\u00f6yledi. Milli tak\u0131mlardan d\u00f6nen oyuncular\u0131n k\u0131sa s\u00fcre i\u00e7inde ma\u00e7a \u00e7\u0131kmak zorunda kald\u0131\u011f\u0131n\u0131 hat\u0131rlatan Akta\u015f, buna ra\u011fmen tak\u0131m\u0131n g\u00fc\u00e7l\u00fc rakibine kar\u015f\u0131 son ana kadar m\u00fccadele etti\u011fini ifade etti. Zafer Akta\u015f a\u00e7\u0131klamas\u0131nda, &#8220;FIBA aras\u0131 d\u00f6n\u00fc\u015f\u00fcnde deplasmanda Be\u015fikta\u015f Gain\u2019e kar\u015f\u0131 oyuncular\u0131m\u0131n g\u00f6sterdi\u011fi m\u00fccadeleden b\u00fcy\u00fck oranda memnunum. Eksik kadromuza, daha sal\u0131 g\u00fcn\u00fc milli tak\u0131mlar\u0131ndan d\u00f6nen oyuncular\u0131m\u0131z\u0131n yorgunluklar\u0131na ve sakat oyuncular\u0131m\u0131z\u0131n olmay\u0131\u015f\u0131na ra\u011fmen oyuncular\u0131m canla ba\u015fla g\u00fc\u00e7l\u00fc rakiplerine kar\u015f\u0131 m\u00fccadele ettiler. Bu karakteri ve m\u00fccadeleyi ligin kalan b\u00f6l\u00fcm\u00fcnde de sahaya yans\u0131tmak istiyoruz&#8221; ifadelerini kulland\u0131.<\/p>\n<p>Ligde son 9 haftaya girildi\u011fini hat\u0131rlatan tecr\u00fcbeli ba\u015fantren\u00f6r, her kar\u015f\u0131la\u015fman\u0131n art\u0131k daha fazla \u00f6nem kazand\u0131\u011f\u0131n\u0131 dile getirdi. \u00d6zellikle cuma g\u00fcn\u00fc oynanacak Bah\u00e7e\u015fehir Koleji ma\u00e7\u0131n\u0131n kritik bir m\u00fccadele olaca\u011f\u0131n\u0131 belirten Akta\u015f, &#8220;Ligin son 9 haftas\u0131na giriyoruz ve her ma\u00e7\u0131n de\u011feri \u00e7ok daha fazla. Cuma g\u00fcn\u00fc saat 20.00\u2019de saham\u0131zda oynayaca\u011f\u0131m\u0131z Bah\u00e7e\u015fehir Koleji ma\u00e7\u0131 bizim i\u00e7in \u00e7ok \u00f6nemli. Bu ma\u00e7 i\u00e7in hemen \u00e7al\u0131\u015fmalara ba\u015flay\u0131p en iyi \u015fekilde haz\u0131rlanmak istiyoruz&#8221; dedi.<\/p>\n<p>Denizli temsilcisinin ba\u015fantren\u00f6r\u00fc ayr\u0131ca taraftarlara da \u00e7a\u011fr\u0131da bulundu. Tak\u0131m\u0131n kalan haftalarda trib\u00fcn deste\u011fine b\u00fcy\u00fck ihtiya\u00e7 duyaca\u011f\u0131n\u0131 ifade eden Zafer Akta\u015f, &#8220;Taraftarlar\u0131m\u0131z\u0131n deste\u011fi bizim i\u00e7in \u00e7ok k\u0131ymetli. Cuma g\u00fcn\u00fc oynayaca\u011f\u0131m\u0131z Bah\u00e7e\u015fehir Koleji ma\u00e7\u0131nda salonu doldurarak bizi desteklemelerini istiyoruz. Onlar\u0131n verece\u011fi enerjiyle sahada \u00e7ok daha g\u00fc\u00e7l\u00fc olaca\u011f\u0131m\u0131za inan\u0131yorum&#8221; \u015feklinde konu\u015ftu.<br \/><\/p>\n","protected":false},"excerpt":{"rendered":"<p>Yukatel Merkezefendi Belediyesi Denizli Basket Ba\u015fantren\u00f6r\u00fc Zafer Akta\u015f, Be\u015fikta\u015f Gain\u2019e deplasmanda ma\u011flup olduklar\u0131 kar\u015f\u0131la\u015fman\u0131n ard\u0131ndan de\u011ferlendirmelerde bulundu. Deneyimli \u00e7al\u0131\u015ft\u0131r\u0131c\u0131, tak\u0131m\u0131n\u0131n ortaya koydu\u011fu m\u00fccadeleden memnun oldu\u011funu belirtirken, \u00f6nlerindeki Bah\u00e7e\u015fehir Koleji ma\u00e7\u0131n\u0131n b\u00fcy\u00fck \u00f6nem ta\u015f\u0131d\u0131\u011f\u0131n\u0131 vurgulad\u0131. FIBA aras\u0131 sonras\u0131nda oynanan m\u00fccadeleyi de\u011ferlendiren Akta\u015f, eksik kadroya ve yo\u011fun fikst\u00fcre ra\u011fmen oyuncular\u0131n\u0131n sahada b\u00fcy\u00fck bir m\u00fccadele ortaya koydu\u011funu s\u00f6yledi&#8230;.<\/p>\n","protected":false},"author":1,"featured_media":92645,"comment_status":"open","ping_status":"open","sticky":false,"template":"","format":"standard","meta":{"_crdt_document":"","footnotes":""},"categories":[4],"tags":[],"class_list":["post-92644","post","type-post","status-publish","format-standard","has-post-thumbnail","hentry","category-spor"],"_links":{"self":[{"href":"https:\/\/www.egemtv.com\/index.php?rest_route=\/wp\/v2\/posts\/92644","targetHints":{"allow":["GET"]}}],"collection":[{"href":"https:\/\/www.egemtv.com\/index.php?rest_route=\/wp\/v2\/posts"}],"about":[{"href":"https:\/\/www.egemtv.com\/index.php?rest_route=\/wp\/v2\/types\/post"}],"author":[{"embeddable":true,"href":"https:\/\/www.egemtv.com\/index.php?rest_route=\/wp\/v2\/users\/1"}],"replies":[{"embeddable":true,"href":"https:\/\/www.egemtv.com\/index.php?rest_route=%2Fwp%2Fv2%2Fcomments&post=92644"}],"version-history":[{"count":1,"href":"https:\/\/www.egemtv.com\/index.php?rest_route=\/wp\/v2\/posts\/92644\/revisions"}],"predecessor-version":[{"id":92646,"href":"https:\/\/www.egemtv.com\/index.php?rest_route=\/wp\/v2\/posts\/92644\/revisions\/92646"}],"wp:featuredmedia":[{"embeddable":true,"href":"https:\/\/www.egemtv.com\/index.php?rest_route=\/wp\/v2\/media\/92645"}],"wp:attachment":[{"href":"https:\/\/www.egemtv.com\/index.php?rest_route=%2Fwp%2Fv2%2Fmedia&parent=92644"}],"wp:term":[{"taxonomy":"category","embeddable":true,"href":"https:\/\/www.egemtv.com\/index.php?rest_route=%2Fwp%2Fv2%2Fcategories&post=92644"},{"taxonomy":"post_tag","embeddable":true,"href":"https:\/\/www.egemtv.com\/index.php?rest_route=%2Fwp%2Fv2%2Ftags&post=92644"}],"curies":[{"name":"wp","href":"https:\/\/api.w.org\/{rel}","templated":true}]}}