{"id":92641,"date":"2026-03-07T22:45:29","date_gmt":"2026-03-07T19:45:29","guid":{"rendered":"https:\/\/www.egemtv.com\/?p=92641"},"modified":"2026-03-07T22:45:30","modified_gmt":"2026-03-07T19:45:30","slug":"kuyucak-belediyesinden-kadinlara-8-mart-surprizi","status":"publish","type":"post","link":"https:\/\/www.egemtv.com\/?p=92641","title":{"rendered":"Kuyucak Belediyesi\u2019nden kad\u0131nlara 8 Mart s\u00fcrprizi"},"content":{"rendered":"<p>Kuyucak Belediyesi K\u00fclt\u00fcr ve Sosyal \u0130\u015fler M\u00fcd\u00fcrl\u00fc\u011f\u00fc personeli, 8 Mart D\u00fcnya Kad\u0131nlar G\u00fcn\u00fc dolay\u0131s\u0131yla Kuyucak Belediyesi Pazaryeri\u2019nde kad\u0131nlar\u0131 unutmad\u0131.<\/p>\n<p>Kuyucak Belediye Ba\u015fkan\u0131 U\u011fur Do\u011fanca\u2019n\u0131n talimat\u0131yla pazaryerinde bulunan kad\u0131nlar\u0131n g\u00fcn\u00fcn\u00fc kutlayan belediye personeli, Ba\u015fkan Do\u011fanca\u2019n\u0131n selamlar\u0131n\u0131 da iletti. Kuyucak Kapal\u0131 Pazaryerinde al\u0131\u015fveri\u015f yapan ve tezgah a\u00e7an kad\u0131nlarla sohbet eden belediye personeli, g\u00fcn\u00fcn anlam ve \u00f6nemine binaen kad\u0131nlara \u00e7e\u015fitli hediyeler takdim etti. Yap\u0131lan jestten memnuniyet duyan kad\u0131nlar, Kuyucak Belediyesi\u2019ne te\u015fekk\u00fcr etti. Kuyucak Belediye Ba\u015fkan\u0131 U\u011fur Do\u011fanca ise kad\u0131nlar\u0131n toplumun temel yap\u0131 ta\u015flar\u0131ndan biri oldu\u011funu belirterek, &#8220;Hayat\u0131n her alan\u0131nda emekleriyle, \u00fcretimleriyle ve fedak\u00e2rl\u0131klar\u0131yla d\u00fcnyay\u0131 g\u00fczelle\u015ftiren t\u00fcm kad\u0131nlar\u0131m\u0131z\u0131n 8 Mart D\u00fcnya Kad\u0131nlar G\u00fcn\u00fc\u2019n\u00fc kutluyorum&#8221; ifadelerini kulland\u0131.<br \/><\/p>\n","protected":false},"excerpt":{"rendered":"<p>Kuyucak Belediyesi K\u00fclt\u00fcr ve Sosyal \u0130\u015fler M\u00fcd\u00fcrl\u00fc\u011f\u00fc personeli, 8 Mart D\u00fcnya Kad\u0131nlar G\u00fcn\u00fc dolay\u0131s\u0131yla Kuyucak Belediyesi Pazaryeri\u2019nde kad\u0131nlar\u0131 unutmad\u0131. Kuyucak Belediye Ba\u015fkan\u0131 U\u011fur Do\u011fanca\u2019n\u0131n talimat\u0131yla pazaryerinde bulunan kad\u0131nlar\u0131n g\u00fcn\u00fcn\u00fc kutlayan belediye personeli, Ba\u015fkan Do\u011fanca\u2019n\u0131n selamlar\u0131n\u0131 da iletti. Kuyucak Kapal\u0131 Pazaryerinde al\u0131\u015fveri\u015f yapan ve tezgah a\u00e7an kad\u0131nlarla sohbet eden belediye personeli, g\u00fcn\u00fcn anlam ve \u00f6nemine binaen&#8230;<\/p>\n","protected":false},"author":1,"featured_media":92642,"comment_status":"open","ping_status":"open","sticky":false,"template":"","format":"standard","meta":{"_crdt_document":"","footnotes":""},"categories":[1],"tags":[],"class_list":["post-92641","post","type-post","status-publish","format-standard","has-post-thumbnail","hentry","category-guncel"],"_links":{"self":[{"href":"https:\/\/www.egemtv.com\/index.php?rest_route=\/wp\/v2\/posts\/92641","targetHints":{"allow":["GET"]}}],"collection":[{"href":"https:\/\/www.egemtv.com\/index.php?rest_route=\/wp\/v2\/posts"}],"about":[{"href":"https:\/\/www.egemtv.com\/index.php?rest_route=\/wp\/v2\/types\/post"}],"author":[{"embeddable":true,"href":"https:\/\/www.egemtv.com\/index.php?rest_route=\/wp\/v2\/users\/1"}],"replies":[{"embeddable":true,"href":"https:\/\/www.egemtv.com\/index.php?rest_route=%2Fwp%2Fv2%2Fcomments&post=92641"}],"version-history":[{"count":1,"href":"https:\/\/www.egemtv.com\/index.php?rest_route=\/wp\/v2\/posts\/92641\/revisions"}],"predecessor-version":[{"id":92643,"href":"https:\/\/www.egemtv.com\/index.php?rest_route=\/wp\/v2\/posts\/92641\/revisions\/92643"}],"wp:featuredmedia":[{"embeddable":true,"href":"https:\/\/www.egemtv.com\/index.php?rest_route=\/wp\/v2\/media\/92642"}],"wp:attachment":[{"href":"https:\/\/www.egemtv.com\/index.php?rest_route=%2Fwp%2Fv2%2Fmedia&parent=92641"}],"wp:term":[{"taxonomy":"category","embeddable":true,"href":"https:\/\/www.egemtv.com\/index.php?rest_route=%2Fwp%2Fv2%2Fcategories&post=92641"},{"taxonomy":"post_tag","embeddable":true,"href":"https:\/\/www.egemtv.com\/index.php?rest_route=%2Fwp%2Fv2%2Ftags&post=92641"}],"curies":[{"name":"wp","href":"https:\/\/api.w.org\/{rel}","templated":true}]}}