{"id":92638,"date":"2026-03-07T22:14:42","date_gmt":"2026-03-07T19:14:42","guid":{"rendered":"https:\/\/www.egemtv.com\/?p=92638"},"modified":"2026-03-07T22:14:42","modified_gmt":"2026-03-07T19:14:42","slug":"baskan-dutlulu-soma-termik-santrali-iscilerini-iftarda-agirladi","status":"publish","type":"post","link":"https:\/\/www.egemtv.com\/?p=92638","title":{"rendered":"Ba\u015fkan Dutlulu, Soma Termik Santrali i\u015f\u00e7ilerini iftarda a\u011f\u0131rlad\u0131"},"content":{"rendered":"<p>Manisa B\u00fcy\u00fck\u015fehir Belediyesi, Soma Termik Santrali \u00f6n\u00fcnde 17 g\u00fcnd\u00fcr hak m\u00fccadelesi veren i\u015f\u00e7iler ve aileleri i\u00e7in iftar program\u0131 d\u00fczenledi. \u0130ftar sofras\u0131nda i\u015f\u00e7ilere seslenen Manisa B\u00fcy\u00fck\u015fehir Belediye Ba\u015fkan\u0131 Besim Dutlulu, &#8220;17 g\u00fcnd\u00fcr nas\u0131l yan\u0131n\u0131zdaysak, bundan sonra da her s\u00fcre\u00e7te yan\u0131n\u0131zda olmaya devam edece\u011fiz&#8221; dedi.<br \/>\n<br \/>Sosyal belediyecilik anlay\u0131\u015f\u0131yla vatanda\u015flar\u0131n yan\u0131nda olan Manisa B\u00fcy\u00fck\u015fehir Belediyesi, Soma\u2019da termik santrali i\u015f\u00e7ilerine y\u00f6nelik iftar program\u0131 ger\u00e7ekle\u015ftirdi. Soma Termik Santrali i\u015f\u00e7ilerinin 17 g\u00fcnd\u00fcr devam eden hak arama m\u00fccadelesine destek vermek amac\u0131yla tesis \u00f6n\u00fcnde d\u00fczenlenen iftar program\u0131na CHP Manisa Milletvekili Ahmet Vehbi Bak\u0131rl\u0131o\u011flu, Manisa B\u00fcy\u00fck\u015fehir Belediye Ba\u015fkan\u0131 Besim Dutlulu, Soma Belediye Ba\u015fkan\u0131 Sercan Okur, K\u0131rka\u011fa\u00e7 Belediye Ba\u015fkan\u0131 \u00dcst\u00fcn D\u00f6nmez, Manisa B\u00fcy\u00fck\u015fehir Belediyesi genel sekreter yard\u0131mc\u0131lar\u0131, ba\u015fkan dan\u0131\u015fmanlar\u0131, siyasi parti ve sendika temsilcileri, santral \u00e7al\u0131\u015fanlar\u0131 ile aileleri kat\u0131ld\u0131.<\/p>\n<p>&#8220;Her zaman yan\u0131n\u0131zday\u0131z&#8221;<br \/>\n<br \/>Her zaman i\u015f\u00e7ilerin yanlar\u0131nda olduklar\u0131n\u0131 ifade eden Milletvekili Bak\u0131rl\u0131o\u011flu, &#8220;Bizler siyaset\u00e7i olmaktan \u00f6te, bu topraklar\u0131n birer evlad\u0131 olarak her zaman yan\u0131n\u0131zday\u0131z. \u015eunu iyi bilin ki; Meclis \u00e7at\u0131s\u0131 alt\u0131nda sizin sesiniz k\u0131s\u0131lmayacak. Yar\u0131n sabah Ankara\u2019ya d\u00f6nd\u00fc\u011f\u00fcmde ilk i\u015fim, bu kazan\u0131mlar\u0131n kal\u0131c\u0131 hale gelmesi ve o \u00e7ok istedi\u011fimiz kamula\u015ft\u0131rma ad\u0131mlar\u0131n\u0131n at\u0131lmas\u0131 i\u00e7in gerekli giri\u015fimlerde bulunmak olacak&#8221; dedi.<\/p>\n<p>&#8220;Tek \u00e7\u00f6z\u00fcm kamula\u015ft\u0131rmak&#8221;<br \/>\n<br \/>\u0130\u015f\u00e7ilerin ba\u015far\u0131s\u0131n\u0131 kutlayan ve b\u00fcy\u00fck bir i\u015f ba\u015fard\u0131klar\u0131n\u0131 s\u00f6yleyen Manisa B\u00fcy\u00fck\u015fehir Belediye Ba\u015fkan\u0131 Besim Dutlulu, ba\u015far\u0131n\u0131n birlik ve beraberlikten kaynakland\u0131\u011f\u0131n\u0131 s\u00f6yledi. 17 g\u00fcnd\u00fcr yanlar\u0131nda olduklar\u0131n\u0131 ve bundan sonra da olmaya devam edeceklerini s\u00f6yleyen Ba\u015fkan Dutlulu, &#8220;17 g\u00fcnd\u00fcr nas\u0131l yan\u0131n\u0131zdaysak, daha \u00f6nce nas\u0131l yan\u0131n\u0131zdaysak, bundan sonra nas\u0131l bir sonu\u00e7 olursa olsun, nas\u0131l bir s\u00fcre\u00e7 olursa olsun Manisa B\u00fcy\u00fck\u015fehir Belediyesi de Soma Belediye Ba\u015fkan\u0131 da Manisa\u2019m\u0131z\u0131n milletvekilleri de her zaman yan\u0131n\u0131zda olmaya devam edecek; bundan \u015f\u00fcpheniz olmas\u0131n. Soma halk\u0131, T\u00fcrkiye\u2019de \u00f6rnek olacak bir birliktelik ger\u00e7ekle\u015ftirdi. Allah bir daha b\u00f6yle \u015feylere ihtiya\u00e7 duyurmas\u0131n. Biz buraya gelmeden birka\u00e7 g\u00fcn \u00f6nce, \u2019Bu s\u00fcre\u00e7 nas\u0131l olacak?\u2019 diyorduk. Haberi ald\u0131k, mutlu olduk. Tabii haberdeki soru i\u015faretleri i\u00e7imizi ku\u015fkuya d\u00fc\u015f\u00fcrd\u00fc ama en az\u0131ndan \u015fimdilik i\u015f\u00e7i karde\u015flerimizin sorunlar\u0131 \u00e7\u00f6z\u00fcl\u00fcyor, i\u015fe ba\u015fl\u0131yorlar, maa\u015flar al\u0131n\u0131yor. Ama bundan sonraki s\u00fcre\u00e7te de hepimizin dikkatli olmas\u0131 laz\u0131m. Arkada\u015flar\u0131m\u0131z \u00e7ok g\u00fczel s\u00f6yledi: \u2018Bu i\u015fin tek \u00e7\u00f6z\u00fcm\u00fc kamula\u015ft\u0131rma.\u2019 Bunu bakan da kabul ediyor, herkes kabul ediyor. Bu i\u015f \u015firketlere devredilecek bir i\u015f de\u011fil. Ama kamula\u015ft\u0131rma yap\u0131lam\u0131yorsa da bir an \u00f6nce buran\u0131n sorunu \u00e7\u00f6z\u00fcls\u00fcn, Soma\u2019n\u0131n sorunu \u00e7\u00f6z\u00fcls\u00fcn, sizlerin sorunu \u00e7\u00f6z\u00fcls\u00fcn; bunu istiyoruz. Bunun i\u00e7in de elimizden geleni yapaca\u011f\u0131z&#8221; dedi.<\/p>\n<p>&#8220;Termik santral i\u015f\u00e7isi devlet i\u015f\u00e7isi olsun&#8221;<br \/>\n<br \/>M\u00fccadelenin hen\u00fcz bitmedi\u011fine dikkat \u00e7eken Soma Belediye Ba\u015fkan\u0131 Sercan Okur, &#8220;Bug\u00fcn g\u00fczel haberler ald\u0131k, hay\u0131rl\u0131 haberler ald\u0131k. Ancak bu haberler bir ba\u015flang\u0131\u00e7, hen\u00fcz her \u015fey bitmi\u015f de\u011fil. S\u0131cak su devam etti\u011fi s\u00fcrece \u00f6denecek bir te\u015fvik s\u00f6z konusu. \u0130ki ay sonra s\u0131cak su sona erdi\u011finde termik santralin durumu ne olacak? \u00c7al\u0131\u015fmaya devam edecek mi? Sizlerin durumu ne olacak? Bu konuda yeterli bir a\u00e7\u0131klama yok. Soma\u2019m\u0131z\u0131n gelece\u011fine birlikte sahip \u00e7\u0131kaca\u011f\u0131z. Soma\u2019m\u0131z\u0131n termik santrali, madenleri Somal\u0131n\u0131n olana kadar birlikte m\u00fccadeleye devam edece\u011fiz. Tek bir iste\u011fimiz var: Termik santral eskiden oldu\u011fu gibi yine devlet taraf\u0131ndan i\u015fletilsin. Termik santral i\u015f\u00e7isi devlet i\u015f\u00e7isi olsun. \u0130\u015f\u00e7imizin de il\u00e7emizin de gelecek korkusu kalmas\u0131n&#8221; ifadelerini kulland\u0131.<\/p>\n<p>&#8220;Soma olarak kenetlendik&#8221;<br \/>\n<br \/>Konu\u015fmas\u0131na destek veren herkese te\u015fekk\u00fcr ederek ba\u015flayan TES-\u0130\u015e \u015eube Ba\u015fkan\u0131 Mustafa Girginler, &#8220;Ben sizlerin \u00f6n\u00fcnde say\u0131n vekilime, bizleri Meclis\u2019te her zaman sesimiz oldu\u011fu i\u00e7in kendilerine \u00e7ok te\u015fekk\u00fcr etmek istiyorum. Bug\u00fcn direni\u015fimizin 17. g\u00fcn\u00fc. 17 g\u00fcnden beri bizlere burada her t\u00fcrl\u00fc imkan\u0131 sunan, bizleri hi\u00e7bir zaman yaln\u0131z b\u0131rakmayan B\u00fcy\u00fck\u015fehir Belediye Ba\u015fkan\u0131ma, Soma Belediye Ba\u015fkan\u0131ma \u00e7ok te\u015fekk\u00fcrlerimi sunuyorum. Soma olarak \u00e7ok g\u00fczel birbirimize kenetlendik, birbirimize sahip \u00e7\u0131kt\u0131k. Bir heyet olu\u015fturduk. Bu heyet ayn\u0131 \u015fekilde i\u015fimizin devaml\u0131l\u0131\u011f\u0131 i\u00e7in, uzun s\u00fcreli bu tesisimizin, Soma\u2019m\u0131z\u0131n ma\u011fdur olmamas\u0131 i\u00e7in \u00e7al\u0131\u015fmas\u0131 i\u00e7in bizler ayn\u0131 \u015fekilde \u00e7al\u0131\u015fmalar\u0131m\u0131za devam edece\u011fiz&#8221; dedi.<br \/><\/p>\n","protected":false},"excerpt":{"rendered":"<p>Manisa B\u00fcy\u00fck\u015fehir Belediyesi, Soma Termik Santrali \u00f6n\u00fcnde 17 g\u00fcnd\u00fcr hak m\u00fccadelesi veren i\u015f\u00e7iler ve aileleri i\u00e7in iftar program\u0131 d\u00fczenledi. \u0130ftar sofras\u0131nda i\u015f\u00e7ilere seslenen Manisa B\u00fcy\u00fck\u015fehir Belediye Ba\u015fkan\u0131 Besim Dutlulu, &#8220;17 g\u00fcnd\u00fcr nas\u0131l yan\u0131n\u0131zdaysak, bundan sonra da her s\u00fcre\u00e7te yan\u0131n\u0131zda olmaya devam edece\u011fiz&#8221; dedi. Sosyal belediyecilik anlay\u0131\u015f\u0131yla vatanda\u015flar\u0131n yan\u0131nda olan Manisa B\u00fcy\u00fck\u015fehir Belediyesi, Soma\u2019da termik santrali&#8230;<\/p>\n","protected":false},"author":1,"featured_media":92639,"comment_status":"open","ping_status":"open","sticky":false,"template":"","format":"standard","meta":{"_crdt_document":"","footnotes":""},"categories":[123],"tags":[],"class_list":["post-92638","post","type-post","status-publish","format-standard","has-post-thumbnail","hentry","category-gundem"],"_links":{"self":[{"href":"https:\/\/www.egemtv.com\/index.php?rest_route=\/wp\/v2\/posts\/92638","targetHints":{"allow":["GET"]}}],"collection":[{"href":"https:\/\/www.egemtv.com\/index.php?rest_route=\/wp\/v2\/posts"}],"about":[{"href":"https:\/\/www.egemtv.com\/index.php?rest_route=\/wp\/v2\/types\/post"}],"author":[{"embeddable":true,"href":"https:\/\/www.egemtv.com\/index.php?rest_route=\/wp\/v2\/users\/1"}],"replies":[{"embeddable":true,"href":"https:\/\/www.egemtv.com\/index.php?rest_route=%2Fwp%2Fv2%2Fcomments&post=92638"}],"version-history":[{"count":1,"href":"https:\/\/www.egemtv.com\/index.php?rest_route=\/wp\/v2\/posts\/92638\/revisions"}],"predecessor-version":[{"id":92640,"href":"https:\/\/www.egemtv.com\/index.php?rest_route=\/wp\/v2\/posts\/92638\/revisions\/92640"}],"wp:featuredmedia":[{"embeddable":true,"href":"https:\/\/www.egemtv.com\/index.php?rest_route=\/wp\/v2\/media\/92639"}],"wp:attachment":[{"href":"https:\/\/www.egemtv.com\/index.php?rest_route=%2Fwp%2Fv2%2Fmedia&parent=92638"}],"wp:term":[{"taxonomy":"category","embeddable":true,"href":"https:\/\/www.egemtv.com\/index.php?rest_route=%2Fwp%2Fv2%2Fcategories&post=92638"},{"taxonomy":"post_tag","embeddable":true,"href":"https:\/\/www.egemtv.com\/index.php?rest_route=%2Fwp%2Fv2%2Ftags&post=92638"}],"curies":[{"name":"wp","href":"https:\/\/api.w.org\/{rel}","templated":true}]}}