{"id":92635,"date":"2026-03-07T22:14:40","date_gmt":"2026-03-07T19:14:40","guid":{"rendered":"https:\/\/www.egemtv.com\/?p=92635"},"modified":"2026-03-07T22:14:42","modified_gmt":"2026-03-07T19:14:42","slug":"datcali-maratoncuda-hirvatistanda-100-kilometrelik-basari","status":"publish","type":"post","link":"https:\/\/www.egemtv.com\/?p=92635","title":{"rendered":"Dat\u00e7al\u0131 maratoncuda H\u0131rvatistan\u2019da 100 kilometrelik ba\u015far\u0131"},"content":{"rendered":"<p>Mu\u011fla\u2019n\u0131n Dat\u00e7a il\u00e7esinde ya\u015fayan ko\u015fu antren\u00f6r\u00fc ve ultra maratoncu Ayhan Esen, H\u0131rvatistan\u2019da d\u00fczenlenen zorlu ve prestijli Polojska Ultra yar\u0131\u015f\u0131nda \u00f6nemli bir ba\u015far\u0131ya imza att\u0131.<br \/>\n<br \/>Slavonski Brod kasabas\u0131nda 9. kez d\u00fczenlenen yar\u0131\u015f\u0131n 100 kilometrelik parkurunda start alan Esen, yar\u0131\u015f\u0131 8 saat 41 dakikada tamamlayarak g\u00fc\u00e7l\u00fc bir performans sergiledi. Dayan\u0131kl\u0131l\u0131k, strateji ve y\u00fcksek fiziksel kapasite gerektiren ultra maraton yar\u0131\u015f\u0131nda elde edilen bu derece, T\u00fcrk ultra maratonu ad\u0131na dikkat \u00e7eken sonu\u00e7lardan biri olarak de\u011ferlendiriliyor. T\u00fcrkiye\u2019den yar\u0131\u015fa ilk kez kat\u0131l\u0131m g\u00f6steren ekipte, Art of Run tak\u0131m\u0131ndan sporcu Emin Erol da 50k mesafesini ko\u015ftu. Esen ve Erol, zorlu parkurda elde ettikleri derecelerle ba\u015far\u0131l\u0131 bir performans ortaya koydu. Uzun y\u0131llard\u0131r ko\u015fu antren\u00f6rl\u00fc\u011f\u00fc yapan Ayhan Esen, uluslararas\u0131 yar\u0131\u015flardaki dereceleriyle T\u00fcrkiye\u2019yi ba\u015far\u0131yla temsil etmeye devam ediyor.<br \/><\/p>\n","protected":false},"excerpt":{"rendered":"<p>Mu\u011fla\u2019n\u0131n Dat\u00e7a il\u00e7esinde ya\u015fayan ko\u015fu antren\u00f6r\u00fc ve ultra maratoncu Ayhan Esen, H\u0131rvatistan\u2019da d\u00fczenlenen zorlu ve prestijli Polojska Ultra yar\u0131\u015f\u0131nda \u00f6nemli bir ba\u015far\u0131ya imza att\u0131. Slavonski Brod kasabas\u0131nda 9. kez d\u00fczenlenen yar\u0131\u015f\u0131n 100 kilometrelik parkurunda start alan Esen, yar\u0131\u015f\u0131 8 saat 41 dakikada tamamlayarak g\u00fc\u00e7l\u00fc bir performans sergiledi. Dayan\u0131kl\u0131l\u0131k, strateji ve y\u00fcksek fiziksel kapasite gerektiren ultra&#8230;<\/p>\n","protected":false},"author":1,"featured_media":92636,"comment_status":"open","ping_status":"open","sticky":false,"template":"","format":"standard","meta":{"_crdt_document":"","footnotes":""},"categories":[4],"tags":[],"class_list":["post-92635","post","type-post","status-publish","format-standard","has-post-thumbnail","hentry","category-spor"],"_links":{"self":[{"href":"https:\/\/www.egemtv.com\/index.php?rest_route=\/wp\/v2\/posts\/92635","targetHints":{"allow":["GET"]}}],"collection":[{"href":"https:\/\/www.egemtv.com\/index.php?rest_route=\/wp\/v2\/posts"}],"about":[{"href":"https:\/\/www.egemtv.com\/index.php?rest_route=\/wp\/v2\/types\/post"}],"author":[{"embeddable":true,"href":"https:\/\/www.egemtv.com\/index.php?rest_route=\/wp\/v2\/users\/1"}],"replies":[{"embeddable":true,"href":"https:\/\/www.egemtv.com\/index.php?rest_route=%2Fwp%2Fv2%2Fcomments&post=92635"}],"version-history":[{"count":1,"href":"https:\/\/www.egemtv.com\/index.php?rest_route=\/wp\/v2\/posts\/92635\/revisions"}],"predecessor-version":[{"id":92637,"href":"https:\/\/www.egemtv.com\/index.php?rest_route=\/wp\/v2\/posts\/92635\/revisions\/92637"}],"wp:featuredmedia":[{"embeddable":true,"href":"https:\/\/www.egemtv.com\/index.php?rest_route=\/wp\/v2\/media\/92636"}],"wp:attachment":[{"href":"https:\/\/www.egemtv.com\/index.php?rest_route=%2Fwp%2Fv2%2Fmedia&parent=92635"}],"wp:term":[{"taxonomy":"category","embeddable":true,"href":"https:\/\/www.egemtv.com\/index.php?rest_route=%2Fwp%2Fv2%2Fcategories&post=92635"},{"taxonomy":"post_tag","embeddable":true,"href":"https:\/\/www.egemtv.com\/index.php?rest_route=%2Fwp%2Fv2%2Ftags&post=92635"}],"curies":[{"name":"wp","href":"https:\/\/api.w.org\/{rel}","templated":true}]}}