{"id":92632,"date":"2026-03-07T20:35:11","date_gmt":"2026-03-07T17:35:11","guid":{"rendered":"https:\/\/www.egemtv.com\/?p=92632"},"modified":"2026-03-07T20:35:12","modified_gmt":"2026-03-07T17:35:12","slug":"izmirde-ramazan-senligi-ve-buyuk-aile-iftari","status":"publish","type":"post","link":"https:\/\/www.egemtv.com\/?p=92632","title":{"rendered":"\u0130zmir\u2019de \u2019Ramazan \u015eenli\u011fi ve B\u00fcy\u00fck Aile \u0130ftar\u0131\u2019"},"content":{"rendered":"<p>T\u00fcrkiye Gen\u00e7lik Vakf\u0131 (T\u00dcGVA) \u0130zmir \u0130l Temsilcili\u011fi taraf\u0131ndan d\u00fczenlenen \u2019Ramazan \u015eenli\u011fi ve B\u00fcy\u00fck Aile \u0130ftar\u0131\u2019 program\u0131nda y\u00fczlerce vatanda\u015f bir araya geldi.<br \/>\n<br \/>Cumhuriyet Meydan\u0131\u2019nda ger\u00e7ekle\u015ftirilen etkinlikte Kur\u2019an-\u0131 Kerim tilaveti ve dualar\u0131n ard\u0131ndan \u00e7e\u015fitli sosyal aktiviteler yap\u0131ld\u0131. T\u00dcGVA \u0130zmir Temsilcili\u011fi taraf\u0131ndan organize edilen programda \u00e7ocuk oyunlar\u0131, geleneksel g\u00f6lge oyunlar\u0131, s\u00f6yle\u015fi ve tiyatro g\u00f6sterileri gibi etkinlikler yer ald\u0131. Kat\u0131l\u0131mc\u0131lar, haz\u0131rlanan \u015fenlik alan\u0131nda eski Ramazan k\u00fclt\u00fcr\u00fcn\u00fc yans\u0131tan ikramlarla vakit ge\u00e7irdi. Program kapsam\u0131nda kurulan sofralarda yakla\u015f\u0131k 5 bin ki\u015fi birlikte iftar yapt\u0131.<\/p>\n<p>Vali Elban\u2019dan te\u015fekk\u00fcr<br \/>\n<br \/>\u0130zmir Valisi S\u00fcleyman Elban, bug\u00fcn iftarlar\u0131n\u0131 \u015fehrin en g\u00fczide mekanlar\u0131ndan Cumhuriyet Meydan\u0131\u2019nda T\u00dcGVA \u0130l Temsilcili\u011fi organizesinde gen\u00e7lerle, \u00e7ocuklarla ve ailelerle beraber payla\u015facaklar\u0131n\u0131, burada gen\u00e7lerin ve \u00e7ocuklar\u0131n e\u011flenecekleri de\u011fi\u015fik etkinliklerin oldu\u011fu bir alan\u0131n da d\u00fczenlendi\u011fini, \u00e7ocuklar\u0131n hakikaten \u00e7ok e\u011flendi\u011fini, onlar i\u00e7in Hacivat Karag\u00f6z gibi eski Ramazanlar\u0131 hat\u0131rlatan s\u00fcrprizlerin, \u015ferbetlerin ve farkl\u0131 etkinliklerin haz\u0131rland\u0131\u011f\u0131n\u0131, bunun haricinde vakf\u0131n y\u00fcr\u00fctt\u00fc\u011f\u00fc bir k\u0131s\u0131m kurslar ve programlar da bulundu\u011funu belirterek, T\u00dcGVA \u0130l Ba\u015fkan\u0131 ve y\u00f6netimine, sofram\u0131z\u0131 \u015fenlendiren t\u00fcm vatanda\u015flara, gen\u00e7lere ve yavrular\u0131m\u0131za \u00e7ok te\u015fekk\u00fcr ediyorum dedi.<\/p>\n<p>\u0130ftar sofras\u0131nda 5 bin ki\u015fi bulu\u015ftu<br \/>\n<br \/>T\u00dcGVA Genel Ba\u015fkan\u0131 \u0130brahim Be\u015finci, \u00e7ok anlaml\u0131 bir etkinlik i\u00e7in Cumhuriyet Meydan\u0131\u2019nda olduklar\u0131n\u0131, burada inan\u0131lmaz bir atmosferin bulundu\u011funu, \u0130zmir\u2019in g\u00fczel insan\u0131yla bir araya geleceklerini, yakla\u015f\u0131k 5 bin ki\u015fiyle iftar sofras\u0131na ve g\u00f6n\u00fcl sofras\u0131na oturacaklar\u0131n\u0131, ayn\u0131 zamanda Ramazan\u2019\u0131n \u015fenli\u011fini \u00e7ocuklarla ve gen\u00e7lerle sonuna kadar ya\u015fay\u0131p hissedeceklerini ifade etti.<\/p>\n<p>Bilal Sayg\u0131l\u0131\u2019dan destek mesaj\u0131<br \/>\n<br \/>AK Parti \u0130l Ba\u015fkan\u0131 Bilal Sayg\u0131l\u0131, T\u00dcGVA yaparsa en iyisini yapar dedi\u011fini, vak\u0131ftan raz\u0131 oldu\u011funu ve Allah\u2019\u0131n da raz\u0131 olmas\u0131n\u0131 diledi\u011fini belirtti.<\/p>\n<p>K\u00fclt\u00fcr ve sanat faaliyetleri s\u00fcr\u00fcyor<br \/>\n<br \/>T\u00dcGVA \u0130zmir \u0130l Temsilcisi Yi\u011fit Aslanata, \u0130zmir\u2019in bug\u00fcn ahenginin tam olarak de\u011fi\u015fmi\u015f durumda oldu\u011funu, bununla da ayn\u0131 zamanda gurur duyduklar\u0131n\u0131, T\u00dcGVA olarak k\u00fclt\u00fcrden sanata, sanattan spora kadar gen\u00e7li\u011fe ve gen\u00e7lerin ailelerine hizmet etmeye devam ettiklerini s\u00f6yledi.<br \/><\/p>\n","protected":false},"excerpt":{"rendered":"<p>T\u00fcrkiye Gen\u00e7lik Vakf\u0131 (T\u00dcGVA) \u0130zmir \u0130l Temsilcili\u011fi taraf\u0131ndan d\u00fczenlenen \u2019Ramazan \u015eenli\u011fi ve B\u00fcy\u00fck Aile \u0130ftar\u0131\u2019 program\u0131nda y\u00fczlerce vatanda\u015f bir araya geldi. Cumhuriyet Meydan\u0131\u2019nda ger\u00e7ekle\u015ftirilen etkinlikte Kur\u2019an-\u0131 Kerim tilaveti ve dualar\u0131n ard\u0131ndan \u00e7e\u015fitli sosyal aktiviteler yap\u0131ld\u0131. T\u00dcGVA \u0130zmir Temsilcili\u011fi taraf\u0131ndan organize edilen programda \u00e7ocuk oyunlar\u0131, geleneksel g\u00f6lge oyunlar\u0131, s\u00f6yle\u015fi ve tiyatro g\u00f6sterileri gibi etkinlikler yer ald\u0131&#8230;.<\/p>\n","protected":false},"author":1,"featured_media":92633,"comment_status":"open","ping_status":"open","sticky":false,"template":"","format":"standard","meta":{"_crdt_document":"","footnotes":""},"categories":[1],"tags":[],"class_list":["post-92632","post","type-post","status-publish","format-standard","has-post-thumbnail","hentry","category-guncel"],"_links":{"self":[{"href":"https:\/\/www.egemtv.com\/index.php?rest_route=\/wp\/v2\/posts\/92632","targetHints":{"allow":["GET"]}}],"collection":[{"href":"https:\/\/www.egemtv.com\/index.php?rest_route=\/wp\/v2\/posts"}],"about":[{"href":"https:\/\/www.egemtv.com\/index.php?rest_route=\/wp\/v2\/types\/post"}],"author":[{"embeddable":true,"href":"https:\/\/www.egemtv.com\/index.php?rest_route=\/wp\/v2\/users\/1"}],"replies":[{"embeddable":true,"href":"https:\/\/www.egemtv.com\/index.php?rest_route=%2Fwp%2Fv2%2Fcomments&post=92632"}],"version-history":[{"count":1,"href":"https:\/\/www.egemtv.com\/index.php?rest_route=\/wp\/v2\/posts\/92632\/revisions"}],"predecessor-version":[{"id":92634,"href":"https:\/\/www.egemtv.com\/index.php?rest_route=\/wp\/v2\/posts\/92632\/revisions\/92634"}],"wp:featuredmedia":[{"embeddable":true,"href":"https:\/\/www.egemtv.com\/index.php?rest_route=\/wp\/v2\/media\/92633"}],"wp:attachment":[{"href":"https:\/\/www.egemtv.com\/index.php?rest_route=%2Fwp%2Fv2%2Fmedia&parent=92632"}],"wp:term":[{"taxonomy":"category","embeddable":true,"href":"https:\/\/www.egemtv.com\/index.php?rest_route=%2Fwp%2Fv2%2Fcategories&post=92632"},{"taxonomy":"post_tag","embeddable":true,"href":"https:\/\/www.egemtv.com\/index.php?rest_route=%2Fwp%2Fv2%2Ftags&post=92632"}],"curies":[{"name":"wp","href":"https:\/\/api.w.org\/{rel}","templated":true}]}}