{"id":92629,"date":"2026-03-07T19:34:40","date_gmt":"2026-03-07T16:34:40","guid":{"rendered":"https:\/\/www.egemtv.com\/?p=92629"},"modified":"2026-03-07T19:34:41","modified_gmt":"2026-03-07T16:34:41","slug":"adu-hastanesinden-ihmal-aciklamasi","status":"publish","type":"post","link":"https:\/\/www.egemtv.com\/?p=92629","title":{"rendered":"AD\u00dc Hastanesi\u2019nden \u2019ihmal\u2019 a\u00e7\u0131klamas\u0131"},"content":{"rendered":"<p>Ayd\u0131n\u2019\u0131n K\u00f6\u015fk il\u00e7esinde ya\u015fayan 19 ya\u015f\u0131ndaki Sinem Ta\u00e7\u2019\u0131n hayat\u0131n\u0131 kaybetmesiyle ilgili \u2019ihmal\u2019 iddialar\u0131na cevap veren Ayd\u0131n Adnan Menderes \u00dcniversitesi Hastanesi, yap\u0131lan incelemelerde hastaya y\u00f6nelik t\u00fcm t\u0131bbi i\u015flemlerin mevzuat ve t\u0131bbi uygulamalar \u00e7er\u00e7evesinde ger\u00e7ekle\u015ftirildi\u011fini, \u00f6l\u00fcm nedeninin ise hen\u00fcz netlik kazanmad\u0131\u011f\u0131n\u0131 a\u00e7\u0131klad\u0131.<\/p>\n<p>Ge\u00e7ti\u011fimiz 25 \u015eubat g\u00fcn\u00fc Ayd\u0131n\u2019\u0131n K\u00f6\u015fk il\u00e7esinde ya\u015fayan 19 ya\u015f\u0131ndaki Sinem Ta\u00e7\u2019\u0131n \u00f6l\u00fcm\u00fcnde \u2019ihmal\u2019 oldu\u011fu iddialar\u0131 \u00fczerine Ayd\u0131n Adnan Menderes \u00dcniversitesi (AD\u00dc) Hastanesi\u2019nden a\u00e7\u0131klama yap\u0131ld\u0131. Yap\u0131lan incelemelerde hastaya y\u00f6nelik t\u00fcm t\u0131bbi i\u015flemlerin mevzuat ve t\u0131bbi uygulamalar \u00e7er\u00e7evesinde ger\u00e7ekle\u015ftirildi\u011fi ve \u00f6l\u00fcm nedeninin ise hen\u00fcz netlik kazanmad\u0131\u011f\u0131n\u0131 beliren hastaney y\u00f6netiminde yap\u0131lan a\u00e7\u0131klamada &#8220;Son g\u00fcnlerde baz\u0131 bas\u0131n yay\u0131n organlar\u0131nda ve sosyal medya platformlar\u0131nda Ayd\u0131n Adnan Menderes \u00dcniversitesi Hastanesi ile ilgili \u00e7e\u015fitli iddialara yer verilen haber ve yorumlar\u0131n yer ald\u0131\u011f\u0131 g\u00f6r\u00fclmektedir. Konuya ili\u015fkin olarak hastanemize ba\u015fvuru s\u00fcreci ve ilgili t\u0131bbi i\u015flemler hasta dosyas\u0131 \u00fczerinden detayl\u0131 \u015fekilde incelenmi\u015ftir. Yap\u0131lan incelemelerde, g\u00f6revli hekimlerimizin hastan\u0131n \u015fikayetleri do\u011frultusunda gerekli t\u00fcm t\u0131bbi de\u011ferlendirme ve i\u015flemleri ilgili mevzuat ve t\u0131bbi uygulamalar \u00e7er\u00e7evesinde ger\u00e7ekle\u015ftirdi\u011fi anla\u015f\u0131lm\u0131\u015ft\u0131r. Hastam\u0131z\u0131n vefat\u0131n\u0131n nedeni hen\u00fcz netlik kazanmam\u0131\u015f olup, konuya ili\u015fkin yetkili kurumlar taraf\u0131ndan yap\u0131lm\u0131\u015f kesin bir a\u00e7\u0131klama bulunmamaktad\u0131r. Bununla birlikte Hastanemiz Acil Servisinde bulant\u0131 ve kusma \u015fikayeti ile ba\u015fvuran hastalarda d\u00fcnya genelinde uygulanan t\u0131bbi de\u011ferlendirme algoritmalar\u0131 do\u011frultusunda gerekli incelemeler ger\u00e7ekle\u015ftirilmi\u015ftir. Bu kapsamda hastam\u0131z, d\u0131\u015f gebelik, akut bat\u0131n, pankreatit, \u00e7oklu organ yetmezli\u011fi ve \u00e7e\u015fitli enfeksiyonlar a\u00e7\u0131s\u0131ndan de\u011ferlendirilmi\u015f olup, yap\u0131lan muayene ve tetkiklerde alarm bulgusu saptanmam\u0131\u015ft\u0131r. Ayd\u0131n Adnan Menderes \u00dcniversitesi Hastanesi, \u00fc\u00e7\u00fcnc\u00fc basamak sa\u011fl\u0131k hizmeti sunan bir \u00fcniversite hastanesi olarak alan\u0131nda uzman hekimler ve sa\u011fl\u0131k personeli ile hizmet vermektedir. Hastanemizde sa\u011fl\u0131k hizmetleri n\u00f6bet sistemi ile 24 saat kesintisiz \u015fekilde y\u00fcr\u00fct\u00fclmekte olup, gerekli durumlarda \u00f6\u011fretim \u00fcyelerinin dan\u0131\u015fmanl\u0131\u011f\u0131nda t\u00fcm t\u0131bbi s\u00fcre\u00e7ler titizlikle ger\u00e7ekle\u015ftirilmektedir. Hastam\u0131z\u0131n ba\u015fvurdu\u011fu g\u00fcn de dahil olmak \u00fczere n\u00f6bet listelerine g\u00f6re g\u00f6revli olan t\u00fcm hekimler g\u00f6revleri ba\u015f\u0131nda bulunmu\u015ftur. \u0130lgili \u00f6\u011fretim \u00fcyesi de mevzuat\u0131n \u00f6ng\u00f6rd\u00fc\u011f\u00fc \u015fekilde g\u00f6revini yerine getirmi\u015ftir. Bu kapsamda kamuoyunda yer alan iddialar ger\u00e7e\u011fi yans\u0131tmamaktad\u0131r&#8221; ifadeleri yer ald\u0131.<\/p>\n<p>Sinem Ta\u00e7\u2019a bakan doktorun da istifa etti\u011fine y\u00f6nelik ortaya at\u0131lan iddilar\u0131n da as\u0131ls\u0131z oldu\u011funa \u00e7eken AD\u00dc Hastanesi, a\u00e7\u0131klamas\u0131n\u0131n devam\u0131nda &#8220;Ayr\u0131ca baz\u0131 haber ve payla\u015f\u0131mlarda dile getirilen \u2019hastaya bakan hekimin istifa etti\u011fi\u2019 y\u00f6n\u00fcndeki iddialar da ger\u00e7e\u011fi yans\u0131tmamakta olup, ilgili hekim g\u00f6revine devam etmektedir. Hastanemizde ayr\u0131ca mevzuat \u00e7er\u00e7evesinde y\u00fcr\u00fct\u00fclen &#8220;icapc\u0131 hekim uygulamas\u0131&#8221; bulunmaktad\u0131r. Bu uygulama kapsam\u0131nda ilgili bran\u015flarda g\u00f6rev yapan \u00f6\u011fretim \u00fcyeleri ve uzman hekimler, ihtiya\u00e7 duyulmas\u0131 halinde hastaneye \u00e7a\u011fr\u0131lmak \u00fczere haz\u0131r bulundurulmaktad\u0131r. N\u00f6bet\u00e7i hekimler taraf\u0131ndan gerekli g\u00f6r\u00fcld\u00fc\u011f\u00fc durumlarda ilgili bran\u015f\u0131n icapc\u0131 hekimi ile ileti\u015fime ge\u00e7ilmekte, hastan\u0131n klinik durumu hakk\u0131nda bilgi payla\u015f\u0131lmakta ve gerekli de\u011ferlendirmeler yap\u0131lmaktad\u0131r. Gerekti\u011finde ilgili \u00f6\u011fretim \u00fcyeleri hastaneye davet edilerek hasta de\u011ferlendirme ve tedavi s\u00fcre\u00e7lerine do\u011frudan dahil olmakta, t\u0131bbi s\u00fcre\u00e7ler ekip anlay\u0131\u015f\u0131 i\u00e7inde ve mevzuat \u00e7er\u00e7evesinde y\u00fcr\u00fct\u00fclmektedir. 2025 y\u0131l\u0131 i\u00e7erisinde yakla\u015f\u0131k 1,2 milyon muayene ve i\u015flemin ger\u00e7ekle\u015ftirildi\u011fi Hastanemiz, b\u00f6lge halk\u0131na nitelikli ve g\u00fcvenilir sa\u011fl\u0131k hizmeti sunma sorumlulu\u011funu s\u00fcrd\u00fcrmektedir. Kurumumuz hakk\u0131nda kamuoyunda yer alan iddialar\u0131n ger\u00e7e\u011fi yans\u0131tmad\u0131\u011f\u0131 hususu kamuoyunun bilgisine sunulur. Gen\u00e7 ya\u015fta hayat\u0131n\u0131 kaybeden Sinem Ta\u00e7\u2019a Allah\u2019tan rahmet, ailesine ve yak\u0131nlar\u0131na ba\u015fsa\u011fl\u0131\u011f\u0131 diliyor, ac\u0131lar\u0131n\u0131 payla\u015ft\u0131\u011f\u0131m\u0131z\u0131 kamuoyuna sayg\u0131yla bildiriyoruz&#8221; ifadelerine yer verildi.<br \/><\/p>\n","protected":false},"excerpt":{"rendered":"<p>Ayd\u0131n\u2019\u0131n K\u00f6\u015fk il\u00e7esinde ya\u015fayan 19 ya\u015f\u0131ndaki Sinem Ta\u00e7\u2019\u0131n hayat\u0131n\u0131 kaybetmesiyle ilgili \u2019ihmal\u2019 iddialar\u0131na cevap veren Ayd\u0131n Adnan Menderes \u00dcniversitesi Hastanesi, yap\u0131lan incelemelerde hastaya y\u00f6nelik t\u00fcm t\u0131bbi i\u015flemlerin mevzuat ve t\u0131bbi uygulamalar \u00e7er\u00e7evesinde ger\u00e7ekle\u015ftirildi\u011fini, \u00f6l\u00fcm nedeninin ise hen\u00fcz netlik kazanmad\u0131\u011f\u0131n\u0131 a\u00e7\u0131klad\u0131. Ge\u00e7ti\u011fimiz 25 \u015eubat g\u00fcn\u00fc Ayd\u0131n\u2019\u0131n K\u00f6\u015fk il\u00e7esinde ya\u015fayan 19 ya\u015f\u0131ndaki Sinem Ta\u00e7\u2019\u0131n \u00f6l\u00fcm\u00fcnde \u2019ihmal\u2019 oldu\u011fu&#8230;<\/p>\n","protected":false},"author":1,"featured_media":92630,"comment_status":"open","ping_status":"open","sticky":false,"template":"","format":"standard","meta":{"_crdt_document":"","footnotes":""},"categories":[1],"tags":[],"class_list":["post-92629","post","type-post","status-publish","format-standard","has-post-thumbnail","hentry","category-guncel"],"_links":{"self":[{"href":"https:\/\/www.egemtv.com\/index.php?rest_route=\/wp\/v2\/posts\/92629","targetHints":{"allow":["GET"]}}],"collection":[{"href":"https:\/\/www.egemtv.com\/index.php?rest_route=\/wp\/v2\/posts"}],"about":[{"href":"https:\/\/www.egemtv.com\/index.php?rest_route=\/wp\/v2\/types\/post"}],"author":[{"embeddable":true,"href":"https:\/\/www.egemtv.com\/index.php?rest_route=\/wp\/v2\/users\/1"}],"replies":[{"embeddable":true,"href":"https:\/\/www.egemtv.com\/index.php?rest_route=%2Fwp%2Fv2%2Fcomments&post=92629"}],"version-history":[{"count":1,"href":"https:\/\/www.egemtv.com\/index.php?rest_route=\/wp\/v2\/posts\/92629\/revisions"}],"predecessor-version":[{"id":92631,"href":"https:\/\/www.egemtv.com\/index.php?rest_route=\/wp\/v2\/posts\/92629\/revisions\/92631"}],"wp:featuredmedia":[{"embeddable":true,"href":"https:\/\/www.egemtv.com\/index.php?rest_route=\/wp\/v2\/media\/92630"}],"wp:attachment":[{"href":"https:\/\/www.egemtv.com\/index.php?rest_route=%2Fwp%2Fv2%2Fmedia&parent=92629"}],"wp:term":[{"taxonomy":"category","embeddable":true,"href":"https:\/\/www.egemtv.com\/index.php?rest_route=%2Fwp%2Fv2%2Fcategories&post=92629"},{"taxonomy":"post_tag","embeddable":true,"href":"https:\/\/www.egemtv.com\/index.php?rest_route=%2Fwp%2Fv2%2Ftags&post=92629"}],"curies":[{"name":"wp","href":"https:\/\/api.w.org\/{rel}","templated":true}]}}