{"id":92620,"date":"2026-03-07T18:15:03","date_gmt":"2026-03-07T15:15:03","guid":{"rendered":"https:\/\/www.egemtv.com\/?p=92620"},"modified":"2026-03-07T18:15:05","modified_gmt":"2026-03-07T15:15:05","slug":"aydin-spor-camiasinin-aci-kaybi-baskan-yilmaz-hayatini-kaybetti","status":"publish","type":"post","link":"https:\/\/www.egemtv.com\/?p=92620","title":{"rendered":"Ayd\u0131n spor camias\u0131n\u0131n ac\u0131 kayb\u0131, Ba\u015fkan Y\u0131lmaz hayat\u0131n\u0131 kaybetti"},"content":{"rendered":"<p>Ayd\u0131n Amat\u00f6r Spor Kul\u00fcpleri Federasyonu\u2019nun (ASKF) eski ba\u015fkanlar\u0131ndan ve 7 Eyl\u00fcl Gen\u00e7lik Spor Kul\u00fcb\u00fc Ba\u015fkan\u0131 Mustafa Y\u0131lmaz, bir s\u00fcredir m\u00fccadele etti\u011fi hastal\u0131k nedeniyle 71 ya\u015f\u0131nda ya\u015fam\u0131n\u0131 yitirdi.<br \/>\n<br \/>Ayd\u0131n amat\u00f6r sporunun tan\u0131nan isimlerinden biri olan Ayd\u0131n Amat\u00f6r Spor Kul\u00fcpleri Federasyonu (ASKF) eski ba\u015fkanlar\u0131ndan ve 7 Eyl\u00fcl Gen\u00e7lik Spor Kul\u00fcb\u00fc Ba\u015fkan\u0131 Mustafa Y\u0131lmaz\u2019dan ac\u0131 haber geldi. Bir s\u00fcredir amans\u0131z hastal\u0131kla m\u00fccadele eden Y\u0131lmaz, 71 ya\u015f\u0131nda hayat\u0131n\u0131 kaybetti. Y\u0131lmaz\u2019\u0131n vefat haberi ailesi, yak\u0131nlar\u0131 ve Ayd\u0131n\u2019daki spor camias\u0131nda b\u00fcy\u00fck \u00fcz\u00fcnt\u00fcye sebep oldu. Uzun y\u0131llar amat\u00f6r sporun geli\u015fmesi i\u00e7in \u00e7e\u015fitli g\u00f6revlerde bulunan Y\u0131lmaz i\u00e7in yar\u0131n \u00f6\u011fle namaz\u0131n\u0131n ard\u0131ndan Efeler il\u00e7esindeki Yavuz Sultan Selim Camisi\u2019nde cenaze t\u00f6reni d\u00fczenlenecek. Y\u0131lmaz\u2019\u0131n cenazesi, k\u0131l\u0131nacak namaz\u0131n ard\u0131ndan Kemer Mezarl\u0131\u011f\u0131\u2019nda topra\u011fa verilecek.<br \/><\/p>\n","protected":false},"excerpt":{"rendered":"<p>Ayd\u0131n Amat\u00f6r Spor Kul\u00fcpleri Federasyonu\u2019nun (ASKF) eski ba\u015fkanlar\u0131ndan ve 7 Eyl\u00fcl Gen\u00e7lik Spor Kul\u00fcb\u00fc Ba\u015fkan\u0131 Mustafa Y\u0131lmaz, bir s\u00fcredir m\u00fccadele etti\u011fi hastal\u0131k nedeniyle 71 ya\u015f\u0131nda ya\u015fam\u0131n\u0131 yitirdi. Ayd\u0131n amat\u00f6r sporunun tan\u0131nan isimlerinden biri olan Ayd\u0131n Amat\u00f6r Spor Kul\u00fcpleri Federasyonu (ASKF) eski ba\u015fkanlar\u0131ndan ve 7 Eyl\u00fcl Gen\u00e7lik Spor Kul\u00fcb\u00fc Ba\u015fkan\u0131 Mustafa Y\u0131lmaz\u2019dan ac\u0131 haber geldi. Bir&#8230;<\/p>\n","protected":false},"author":1,"featured_media":92621,"comment_status":"open","ping_status":"open","sticky":false,"template":"","format":"standard","meta":{"_crdt_document":"","footnotes":""},"categories":[1],"tags":[],"class_list":["post-92620","post","type-post","status-publish","format-standard","has-post-thumbnail","hentry","category-guncel"],"_links":{"self":[{"href":"https:\/\/www.egemtv.com\/index.php?rest_route=\/wp\/v2\/posts\/92620","targetHints":{"allow":["GET"]}}],"collection":[{"href":"https:\/\/www.egemtv.com\/index.php?rest_route=\/wp\/v2\/posts"}],"about":[{"href":"https:\/\/www.egemtv.com\/index.php?rest_route=\/wp\/v2\/types\/post"}],"author":[{"embeddable":true,"href":"https:\/\/www.egemtv.com\/index.php?rest_route=\/wp\/v2\/users\/1"}],"replies":[{"embeddable":true,"href":"https:\/\/www.egemtv.com\/index.php?rest_route=%2Fwp%2Fv2%2Fcomments&post=92620"}],"version-history":[{"count":1,"href":"https:\/\/www.egemtv.com\/index.php?rest_route=\/wp\/v2\/posts\/92620\/revisions"}],"predecessor-version":[{"id":92622,"href":"https:\/\/www.egemtv.com\/index.php?rest_route=\/wp\/v2\/posts\/92620\/revisions\/92622"}],"wp:featuredmedia":[{"embeddable":true,"href":"https:\/\/www.egemtv.com\/index.php?rest_route=\/wp\/v2\/media\/92621"}],"wp:attachment":[{"href":"https:\/\/www.egemtv.com\/index.php?rest_route=%2Fwp%2Fv2%2Fmedia&parent=92620"}],"wp:term":[{"taxonomy":"category","embeddable":true,"href":"https:\/\/www.egemtv.com\/index.php?rest_route=%2Fwp%2Fv2%2Fcategories&post=92620"},{"taxonomy":"post_tag","embeddable":true,"href":"https:\/\/www.egemtv.com\/index.php?rest_route=%2Fwp%2Fv2%2Ftags&post=92620"}],"curies":[{"name":"wp","href":"https:\/\/api.w.org\/{rel}","templated":true}]}}