{"id":92617,"date":"2026-03-07T18:15:02","date_gmt":"2026-03-07T15:15:02","guid":{"rendered":"https:\/\/www.egemtv.com\/?p=92617"},"modified":"2026-03-07T18:15:03","modified_gmt":"2026-03-07T15:15:03","slug":"baskan-kaya-bu-yil-sezonun-ilk-gureslerini-yapmak-bizlere-nasip-oldu","status":"publish","type":"post","link":"https:\/\/www.egemtv.com\/?p=92617","title":{"rendered":"Ba\u015fkan Kaya: &#8220;Bu y\u0131l sezonun ilk g\u00fcre\u015flerini yapmak bizlere nasip oldu&#8221;"},"content":{"rendered":"<p>Ayd\u0131n\u2019\u0131n \u0130ncirliova il\u00e7esinde d\u00fczenlenen 39. Geleneksel \u0130ncirliova Deve G\u00fcre\u015fi Festivali\u2019nin ilk g\u00fcn\u00fcnde pehlivan ve daylak develerin m\u00fccadeleleri b\u00fcy\u00fck heyecana sahne olurken, \u0130ncirliova Belediye Ba\u015fkan\u0131 Aytekin Kaya; &#8220;Bu y\u0131l sezonun ilk g\u00fcre\u015flerini yapmak Nuri Deveci G\u00fcre\u015f Alan\u0131\u2019m\u0131zda bizlere nasip oldu&#8221; dedi.<br \/>\n<br \/>Ayd\u0131n\u2019\u0131n \u0130ncirliova il\u00e7esinde geleneksel hale gelen deve g\u00fcre\u015fleri yeniden ba\u015flad\u0131. 39. Geleneksel \u0130ncirliova Deve G\u00fcre\u015fi Festivali\u2019nin ilk g\u00fcn\u00fc, Nuri Deveci G\u00fcre\u015f Alan\u0131\u2019nda yo\u011fun kat\u0131l\u0131mla ger\u00e7ekle\u015ftirildi. Festivalin ilk g\u00fcn\u00fcnde pehlivan develer ile yeni yeti\u015fen daylak develerin g\u00fcre\u015fleri izleyenlere heyecan dolu anlar ya\u015fatt\u0131. G\u00fcre\u015fleri takip eden vatanda\u015flar, geleneksel sporun atmosferini doyas\u0131ya ya\u015fad\u0131. \u0130ncirliova Belediye Ba\u015fkan\u0131 Aytekin Kaya, sezonun ilk g\u00fcre\u015flerini il\u00e7ede yapman\u0131n mutlulu\u011funu ya\u015fad\u0131klar\u0131n\u0131 belirterek, yeni g\u00fcre\u015f sezonunun t\u00fcm deve g\u00fcre\u015fi camias\u0131na hay\u0131rl\u0131 olmas\u0131n\u0131 temenni etti.<br \/>\n<br \/>Sakatl\u0131klar\u0131n ya\u015fanmad\u0131\u011f\u0131 g\u00fczel bir sezon dileyen Ba\u015fkan Kaya; &#8220;Bu y\u0131l sezonun ilk g\u00fcre\u015flerini yapmak Nuri Deveci G\u00fcre\u015f Alan\u0131\u2019m\u0131zda bizlere nasip oldu. Ya\u015fat\u0131lan gelenek, \u00f6zlenen heyecan\u0131m\u0131z 39. Geleneksel \u0130ncirliova Deve G\u00fcre\u015fi Festivalimizin ilk g\u00fcn\u00fcnde pehlivan develerimizin ve yeni yeti\u015fen daylak develerimizin m\u00fccadeleleri nefesleri kesti. Yeni g\u00fcre\u015f sezonunun t\u00fcm devecilk camiam\u0131za hay\u0131rl\u0131 olmas\u0131n\u0131 temenni ediyor, sakatl\u0131klar\u0131n ya\u015fanmad\u0131\u011f\u0131 g\u00fczel bir sezon diliyorum. 8 Mart Pazar g\u00fcn\u00fc (Yar\u0131n) devam edecek b\u00fcy\u00fck heyecan\u0131m\u0131za t\u00fcm halk\u0131m\u0131z davetlidir&#8221; dedi.<br \/><\/p>\n","protected":false},"excerpt":{"rendered":"<p>Ayd\u0131n\u2019\u0131n \u0130ncirliova il\u00e7esinde d\u00fczenlenen 39. Geleneksel \u0130ncirliova Deve G\u00fcre\u015fi Festivali\u2019nin ilk g\u00fcn\u00fcnde pehlivan ve daylak develerin m\u00fccadeleleri b\u00fcy\u00fck heyecana sahne olurken, \u0130ncirliova Belediye Ba\u015fkan\u0131 Aytekin Kaya; &#8220;Bu y\u0131l sezonun ilk g\u00fcre\u015flerini yapmak Nuri Deveci G\u00fcre\u015f Alan\u0131\u2019m\u0131zda bizlere nasip oldu&#8221; dedi. Ayd\u0131n\u2019\u0131n \u0130ncirliova il\u00e7esinde geleneksel hale gelen deve g\u00fcre\u015fleri yeniden ba\u015flad\u0131. 39. Geleneksel \u0130ncirliova Deve G\u00fcre\u015fi&#8230;<\/p>\n","protected":false},"author":1,"featured_media":92618,"comment_status":"open","ping_status":"open","sticky":false,"template":"","format":"standard","meta":{"_crdt_document":"","footnotes":""},"categories":[1],"tags":[],"class_list":["post-92617","post","type-post","status-publish","format-standard","has-post-thumbnail","hentry","category-guncel"],"_links":{"self":[{"href":"https:\/\/www.egemtv.com\/index.php?rest_route=\/wp\/v2\/posts\/92617","targetHints":{"allow":["GET"]}}],"collection":[{"href":"https:\/\/www.egemtv.com\/index.php?rest_route=\/wp\/v2\/posts"}],"about":[{"href":"https:\/\/www.egemtv.com\/index.php?rest_route=\/wp\/v2\/types\/post"}],"author":[{"embeddable":true,"href":"https:\/\/www.egemtv.com\/index.php?rest_route=\/wp\/v2\/users\/1"}],"replies":[{"embeddable":true,"href":"https:\/\/www.egemtv.com\/index.php?rest_route=%2Fwp%2Fv2%2Fcomments&post=92617"}],"version-history":[{"count":1,"href":"https:\/\/www.egemtv.com\/index.php?rest_route=\/wp\/v2\/posts\/92617\/revisions"}],"predecessor-version":[{"id":92619,"href":"https:\/\/www.egemtv.com\/index.php?rest_route=\/wp\/v2\/posts\/92617\/revisions\/92619"}],"wp:featuredmedia":[{"embeddable":true,"href":"https:\/\/www.egemtv.com\/index.php?rest_route=\/wp\/v2\/media\/92618"}],"wp:attachment":[{"href":"https:\/\/www.egemtv.com\/index.php?rest_route=%2Fwp%2Fv2%2Fmedia&parent=92617"}],"wp:term":[{"taxonomy":"category","embeddable":true,"href":"https:\/\/www.egemtv.com\/index.php?rest_route=%2Fwp%2Fv2%2Fcategories&post=92617"},{"taxonomy":"post_tag","embeddable":true,"href":"https:\/\/www.egemtv.com\/index.php?rest_route=%2Fwp%2Fv2%2Ftags&post=92617"}],"curies":[{"name":"wp","href":"https:\/\/api.w.org\/{rel}","templated":true}]}}