{"id":92611,"date":"2026-03-07T17:54:42","date_gmt":"2026-03-07T14:54:42","guid":{"rendered":"https:\/\/www.egemtv.com\/?p=92611"},"modified":"2026-03-07T17:54:43","modified_gmt":"2026-03-07T14:54:43","slug":"baskan-karadan-emekci-kadinlara-ve-saglik-calisanlarina-cicek","status":"publish","type":"post","link":"https:\/\/www.egemtv.com\/?p=92611","title":{"rendered":"Ba\u015fkan Kara\u2019dan emek\u00e7i kad\u0131nlara ve sa\u011fl\u0131k \u00e7al\u0131\u015fanlar\u0131na \u00e7i\u00e7ek"},"content":{"rendered":"<p>Manisa\u2019n\u0131n Demirci il\u00e7esinde Belediye Ba\u015fkan\u0131 Erkan Kara, 8 Mart D\u00fcnya Kad\u0131nlar G\u00fcn\u00fc dolay\u0131s\u0131yla emek\u00e7i kad\u0131nlar\u0131, sa\u011fl\u0131k \u00e7al\u0131\u015fanlar\u0131n\u0131 ve hastanede tedavi g\u00f6ren kad\u0131n hastalar\u0131 ziyaret ederek \u00e7i\u00e7ek takdim etti.<br \/>\n<br \/>Demirci Belediye Ba\u015fkan\u0131 Erkan Kara, 8 Mart D\u00fcnya Kad\u0131nlar G\u00fcn\u00fc kapsam\u0131nda il\u00e7e genelinde bir dizi ziyaret ger\u00e7ekle\u015ftirdi. Ba\u015fkan Kara\u2019ya ziyaretlerinde AK Parti Demirci Kad\u0131n Kollar\u0131 Ba\u015fkan\u0131 Fatma Tutan ve MHP Kad\u0131n Kollar\u0131 Ba\u015fkan\u0131 Eda Korkmaz e\u015flik etti.<br \/>\n<br \/>Program\u0131na il\u00e7e pazaryerinden ba\u015flayan Ba\u015fkan Kara, tezgah ba\u015f\u0131nda \u00e7al\u0131\u015fan kad\u0131n esnaflar ve al\u0131\u015fveri\u015f yapan vatanda\u015flarla sohbet ederek g\u00fcnlerini kutlad\u0131. Pazaryerinde emek veren kad\u0131nlara tek tek \u00e7i\u00e7ek veren Kara, kad\u0131nlar\u0131n toplumdaki eme\u011fi ve fedakarl\u0131\u011f\u0131n\u0131n \u00f6nemine dikkat \u00e7ekti. Pazar esnaf\u0131 ise Ba\u015fkan Kara\u2019n\u0131n ziyaretinden duyduklar\u0131 memnuniyeti dile getirdi.<br \/>\n<br \/>Pazaryeri ziyaretinin ard\u0131ndan \u0130l\u00e7e Devlet Hastanesi\u2019ne ge\u00e7en heyet, burada g\u00f6rev yapan kad\u0131n sa\u011fl\u0131k \u00e7al\u0131\u015fanlar\u0131n\u0131 ziyaret etti. \u00d6zellikle Acil Servis\u2019te g\u00f6rev yapan hem\u015firelere te\u015fekk\u00fcr eden Ba\u015fkan Kara, daha sonra hastanede tedavi g\u00f6ren kad\u0131n hastalar\u0131 odalar\u0131nda ziyaret ederek ge\u00e7mi\u015f olsun dileklerini iletti.<br \/>\n<br \/>Demirci Belediye Ba\u015fkan\u0131 Erkan Kara yapt\u0131\u011f\u0131 a\u00e7\u0131klamada, &#8220;8 Mart vesilesiyle Cumhur \u0130ttifak\u0131 Kad\u0131n Kollar\u0131 Ba\u015fkanlar\u0131m\u0131zla birlikte sahadayd\u0131k. Pazaryerimizde al\u0131n teri d\u00f6ken emektar ablalar\u0131m\u0131zdan, hastanemizde \u015fifa da\u011f\u0131tan hem\u015firelerimize kadar her bir han\u0131m karde\u015fimizin y\u00fcz\u00fcndeki tebess\u00fcme ortak olduk. Bir \u015fehrin huzuru ve kalk\u0131nmas\u0131, o \u015fehirdeki kad\u0131nlar\u0131n mutlulu\u011fuyla do\u011fru orant\u0131l\u0131d\u0131r. Demirci Belediyesi olarak kad\u0131nlar\u0131m\u0131z\u0131n sosyal ve ekonomik hayat\u0131n i\u00e7inde daha g\u00fc\u00e7l\u00fc yer almas\u0131 i\u00e7in \u00e7al\u0131\u015fmaya devam edece\u011fiz. T\u00fcm kad\u0131nlar\u0131n 8 Mart D\u00fcnya Kad\u0131nlar G\u00fcn\u00fc\u2019n\u00fc en i\u00e7ten dileklerimle kutluyorum&#8221; dedi.<br \/><\/p>\n","protected":false},"excerpt":{"rendered":"<p>Manisa\u2019n\u0131n Demirci il\u00e7esinde Belediye Ba\u015fkan\u0131 Erkan Kara, 8 Mart D\u00fcnya Kad\u0131nlar G\u00fcn\u00fc dolay\u0131s\u0131yla emek\u00e7i kad\u0131nlar\u0131, sa\u011fl\u0131k \u00e7al\u0131\u015fanlar\u0131n\u0131 ve hastanede tedavi g\u00f6ren kad\u0131n hastalar\u0131 ziyaret ederek \u00e7i\u00e7ek takdim etti. Demirci Belediye Ba\u015fkan\u0131 Erkan Kara, 8 Mart D\u00fcnya Kad\u0131nlar G\u00fcn\u00fc kapsam\u0131nda il\u00e7e genelinde bir dizi ziyaret ger\u00e7ekle\u015ftirdi. Ba\u015fkan Kara\u2019ya ziyaretlerinde AK Parti Demirci Kad\u0131n Kollar\u0131 Ba\u015fkan\u0131 Fatma&#8230;<\/p>\n","protected":false},"author":1,"featured_media":92612,"comment_status":"open","ping_status":"open","sticky":false,"template":"","format":"standard","meta":{"_crdt_document":"","footnotes":""},"categories":[127],"tags":[],"class_list":["post-92611","post","type-post","status-publish","format-standard","has-post-thumbnail","hentry","category-siyaset"],"_links":{"self":[{"href":"https:\/\/www.egemtv.com\/index.php?rest_route=\/wp\/v2\/posts\/92611","targetHints":{"allow":["GET"]}}],"collection":[{"href":"https:\/\/www.egemtv.com\/index.php?rest_route=\/wp\/v2\/posts"}],"about":[{"href":"https:\/\/www.egemtv.com\/index.php?rest_route=\/wp\/v2\/types\/post"}],"author":[{"embeddable":true,"href":"https:\/\/www.egemtv.com\/index.php?rest_route=\/wp\/v2\/users\/1"}],"replies":[{"embeddable":true,"href":"https:\/\/www.egemtv.com\/index.php?rest_route=%2Fwp%2Fv2%2Fcomments&post=92611"}],"version-history":[{"count":1,"href":"https:\/\/www.egemtv.com\/index.php?rest_route=\/wp\/v2\/posts\/92611\/revisions"}],"predecessor-version":[{"id":92613,"href":"https:\/\/www.egemtv.com\/index.php?rest_route=\/wp\/v2\/posts\/92611\/revisions\/92613"}],"wp:featuredmedia":[{"embeddable":true,"href":"https:\/\/www.egemtv.com\/index.php?rest_route=\/wp\/v2\/media\/92612"}],"wp:attachment":[{"href":"https:\/\/www.egemtv.com\/index.php?rest_route=%2Fwp%2Fv2%2Fmedia&parent=92611"}],"wp:term":[{"taxonomy":"category","embeddable":true,"href":"https:\/\/www.egemtv.com\/index.php?rest_route=%2Fwp%2Fv2%2Fcategories&post=92611"},{"taxonomy":"post_tag","embeddable":true,"href":"https:\/\/www.egemtv.com\/index.php?rest_route=%2Fwp%2Fv2%2Ftags&post=92611"}],"curies":[{"name":"wp","href":"https:\/\/api.w.org\/{rel}","templated":true}]}}