{"id":92608,"date":"2026-03-07T17:34:46","date_gmt":"2026-03-07T14:34:46","guid":{"rendered":"https:\/\/www.egemtv.com\/?p=92608"},"modified":"2026-03-07T17:34:47","modified_gmt":"2026-03-07T14:34:47","slug":"gulluk-korfezinde-amator-balikci-teknesi-batti","status":"publish","type":"post","link":"https:\/\/www.egemtv.com\/?p=92608","title":{"rendered":"G\u00fcll\u00fck K\u00f6rfezi\u2019nde amat\u00f6r bal\u0131k\u00e7\u0131 teknesi batt\u0131"},"content":{"rendered":"<p>Mu\u011fla\u2019n\u0131n Milas il\u00e7esi G\u00fcll\u00fck K\u00f6rfezi\u2019nde amat\u00f6r bal\u0131k\u00e7\u0131 teknesi batt\u0131, teknedeki vatanda\u015flar \u00e7evredeki ba\u015fka teknelere tahliye edildi.<br \/>\n<br \/>Olay, Milas il\u00e7esi G\u00fcll\u00fck K\u00f6rfezi G\u00fcvercinlik mevkiinde meydana geldi. Edinilen bilgiye g\u00f6re, &#8220;Ya\u011fmur Ali&#8221; isimli amat\u00f6r olta bal\u0131k\u00e7\u0131l\u0131\u011f\u0131 ruhsatl\u0131 bal\u0131k avlama teknesi, hen\u00fcz belirlenemeyen bir nedenle su almaya ba\u015flad\u0131. Teknenin k\u0131sa s\u00fcrede su almaya ba\u015flamas\u0131 \u00fczerine teknede bulunan ki\u015filer b\u00fcy\u00fck korku ya\u015fad\u0131. Denizde adeta can pazar\u0131 ya\u015fan\u0131rken, \u00e7evrede bulunan amat\u00f6r bal\u0131k\u00e7\u0131 tekneleri ve bot sahipleri h\u0131zla yard\u0131ma ko\u015ftu. Durumu fark eden denizciler, batmak \u00fczere olan teknedeki vatanda\u015flar\u0131 teknelerine alarak g\u00fcvenli \u015fekilde kurtard\u0131. Ya\u015fanan panik dolu anlar\u0131n ard\u0131ndan tekne tamamen suya g\u00f6m\u00fcl\u00fcrken, olay yerine gelen ekiplerin ve \u00e7evredeki denizcilerin \u00e7al\u0131\u015fmalar\u0131yla tekne daha sonra karaya \u00e7ekildi. Olayla ilgili inceleme ba\u015flat\u0131ld\u0131.<br \/><\/p>\n","protected":false},"excerpt":{"rendered":"<p>Mu\u011fla\u2019n\u0131n Milas il\u00e7esi G\u00fcll\u00fck K\u00f6rfezi\u2019nde amat\u00f6r bal\u0131k\u00e7\u0131 teknesi batt\u0131, teknedeki vatanda\u015flar \u00e7evredeki ba\u015fka teknelere tahliye edildi. Olay, Milas il\u00e7esi G\u00fcll\u00fck K\u00f6rfezi G\u00fcvercinlik mevkiinde meydana geldi. Edinilen bilgiye g\u00f6re, &#8220;Ya\u011fmur Ali&#8221; isimli amat\u00f6r olta bal\u0131k\u00e7\u0131l\u0131\u011f\u0131 ruhsatl\u0131 bal\u0131k avlama teknesi, hen\u00fcz belirlenemeyen bir nedenle su almaya ba\u015flad\u0131. Teknenin k\u0131sa s\u00fcrede su almaya ba\u015flamas\u0131 \u00fczerine teknede bulunan ki\u015filer&#8230;<\/p>\n","protected":false},"author":1,"featured_media":92609,"comment_status":"open","ping_status":"open","sticky":false,"template":"","format":"standard","meta":{"_crdt_document":"","footnotes":""},"categories":[5],"tags":[],"class_list":["post-92608","post","type-post","status-publish","format-standard","has-post-thumbnail","hentry","category-asayis"],"_links":{"self":[{"href":"https:\/\/www.egemtv.com\/index.php?rest_route=\/wp\/v2\/posts\/92608","targetHints":{"allow":["GET"]}}],"collection":[{"href":"https:\/\/www.egemtv.com\/index.php?rest_route=\/wp\/v2\/posts"}],"about":[{"href":"https:\/\/www.egemtv.com\/index.php?rest_route=\/wp\/v2\/types\/post"}],"author":[{"embeddable":true,"href":"https:\/\/www.egemtv.com\/index.php?rest_route=\/wp\/v2\/users\/1"}],"replies":[{"embeddable":true,"href":"https:\/\/www.egemtv.com\/index.php?rest_route=%2Fwp%2Fv2%2Fcomments&post=92608"}],"version-history":[{"count":1,"href":"https:\/\/www.egemtv.com\/index.php?rest_route=\/wp\/v2\/posts\/92608\/revisions"}],"predecessor-version":[{"id":92610,"href":"https:\/\/www.egemtv.com\/index.php?rest_route=\/wp\/v2\/posts\/92608\/revisions\/92610"}],"wp:featuredmedia":[{"embeddable":true,"href":"https:\/\/www.egemtv.com\/index.php?rest_route=\/wp\/v2\/media\/92609"}],"wp:attachment":[{"href":"https:\/\/www.egemtv.com\/index.php?rest_route=%2Fwp%2Fv2%2Fmedia&parent=92608"}],"wp:term":[{"taxonomy":"category","embeddable":true,"href":"https:\/\/www.egemtv.com\/index.php?rest_route=%2Fwp%2Fv2%2Fcategories&post=92608"},{"taxonomy":"post_tag","embeddable":true,"href":"https:\/\/www.egemtv.com\/index.php?rest_route=%2Fwp%2Fv2%2Ftags&post=92608"}],"curies":[{"name":"wp","href":"https:\/\/api.w.org\/{rel}","templated":true}]}}