{"id":92605,"date":"2026-03-07T17:34:45","date_gmt":"2026-03-07T14:34:45","guid":{"rendered":"https:\/\/www.egemtv.com\/?p=92605"},"modified":"2026-03-07T17:34:46","modified_gmt":"2026-03-07T14:34:46","slug":"seyirci-yasagi-taraftari-durduramadi","status":"publish","type":"post","link":"https:\/\/www.egemtv.com\/?p=92605","title":{"rendered":"Seyirci yasa\u011f\u0131 taraftar\u0131 durduramad\u0131"},"content":{"rendered":"<p>Seyircisiz oynama cezas\u0131 nedeniyle Mu\u011flaspor-Adana 01 FK kar\u015f\u0131la\u015fmas\u0131na taraftar al\u0131nmazken, y\u00fczlerce taraftar Mu\u011fla Atat\u00fcrk Stadyumu \u00f6n\u00fcne kurulan dev ekrandan ma\u00e7\u0131 takip etti. G\u00fcne\u015fe ra\u011fmen gencinden ya\u015fl\u0131s\u0131na \u00e7ok say\u0131da vatanda\u015f tak\u0131m\u0131na destek vermek i\u00e7in stadyum \u00f6n\u00fcnde topland\u0131.<\/p>\n<p>Seyircisiz oynama cezas\u0131 nedeniyle Mu\u011flaspor ile Adana 01 FK aras\u0131nda oynanan kar\u015f\u0131la\u015fmaya taraftar al\u0131nmad\u0131. Ancak Mu\u011flaspor taraftar\u0131 tak\u0131mlar\u0131n\u0131 yaln\u0131z b\u0131rakmad\u0131. Saat 15.30\u2019da Mu\u011fla Atat\u00fcrk Stadyumu\u2019nda ba\u015flayan kar\u015f\u0131la\u015fma i\u00e7in stadyum d\u0131\u015f\u0131nda dev ekran kuruldu. Taraftarlar, plastik sandalyelerin yerle\u015ftirildi\u011fi alanda ma\u00e7\u0131 birlikte izledi. Aralar\u0131nda ya\u015fl\u0131 amcalardan gen\u00e7lere kadar \u00e7ok say\u0131da vatanda\u015f\u0131n bulundu\u011fu taraftarlar, g\u00fcne\u015fin alt\u0131nda dev ekrandan ma\u00e7\u0131 takip etti. Mu\u011fla B\u00fcy\u00fck\u015fehir Belediye Ba\u015fkan\u0131 Ahmet Aras kar\u015f\u0131la\u015fman\u0131n ilk yar\u0131s\u0131n\u0131 stadyum d\u0131\u015f\u0131nda taraftarlarla birlikte izledi. Taraftarlar\u0131n aras\u0131na oturan Aras, vatanda\u015flarla birlikte ma\u00e7\u0131 takip etti. Seyircisiz oynanmas\u0131na ra\u011fmen stadyum \u00f6n\u00fcnde toplanan Mu\u011flaspor taraftarlar\u0131, dev ekrandan ma\u00e7\u0131n her an\u0131n\u0131 takip ederek tak\u0131mlar\u0131na destek vermeye devam etti.<br \/><\/p>\n","protected":false},"excerpt":{"rendered":"<p>Seyircisiz oynama cezas\u0131 nedeniyle Mu\u011flaspor-Adana 01 FK kar\u015f\u0131la\u015fmas\u0131na taraftar al\u0131nmazken, y\u00fczlerce taraftar Mu\u011fla Atat\u00fcrk Stadyumu \u00f6n\u00fcne kurulan dev ekrandan ma\u00e7\u0131 takip etti. G\u00fcne\u015fe ra\u011fmen gencinden ya\u015fl\u0131s\u0131na \u00e7ok say\u0131da vatanda\u015f tak\u0131m\u0131na destek vermek i\u00e7in stadyum \u00f6n\u00fcnde topland\u0131. Seyircisiz oynama cezas\u0131 nedeniyle Mu\u011flaspor ile Adana 01 FK aras\u0131nda oynanan kar\u015f\u0131la\u015fmaya taraftar al\u0131nmad\u0131. Ancak Mu\u011flaspor taraftar\u0131 tak\u0131mlar\u0131n\u0131 yaln\u0131z&#8230;<\/p>\n","protected":false},"author":1,"featured_media":92606,"comment_status":"open","ping_status":"open","sticky":false,"template":"","format":"standard","meta":{"_crdt_document":"","footnotes":""},"categories":[4],"tags":[],"class_list":["post-92605","post","type-post","status-publish","format-standard","has-post-thumbnail","hentry","category-spor"],"_links":{"self":[{"href":"https:\/\/www.egemtv.com\/index.php?rest_route=\/wp\/v2\/posts\/92605","targetHints":{"allow":["GET"]}}],"collection":[{"href":"https:\/\/www.egemtv.com\/index.php?rest_route=\/wp\/v2\/posts"}],"about":[{"href":"https:\/\/www.egemtv.com\/index.php?rest_route=\/wp\/v2\/types\/post"}],"author":[{"embeddable":true,"href":"https:\/\/www.egemtv.com\/index.php?rest_route=\/wp\/v2\/users\/1"}],"replies":[{"embeddable":true,"href":"https:\/\/www.egemtv.com\/index.php?rest_route=%2Fwp%2Fv2%2Fcomments&post=92605"}],"version-history":[{"count":1,"href":"https:\/\/www.egemtv.com\/index.php?rest_route=\/wp\/v2\/posts\/92605\/revisions"}],"predecessor-version":[{"id":92607,"href":"https:\/\/www.egemtv.com\/index.php?rest_route=\/wp\/v2\/posts\/92605\/revisions\/92607"}],"wp:featuredmedia":[{"embeddable":true,"href":"https:\/\/www.egemtv.com\/index.php?rest_route=\/wp\/v2\/media\/92606"}],"wp:attachment":[{"href":"https:\/\/www.egemtv.com\/index.php?rest_route=%2Fwp%2Fv2%2Fmedia&parent=92605"}],"wp:term":[{"taxonomy":"category","embeddable":true,"href":"https:\/\/www.egemtv.com\/index.php?rest_route=%2Fwp%2Fv2%2Fcategories&post=92605"},{"taxonomy":"post_tag","embeddable":true,"href":"https:\/\/www.egemtv.com\/index.php?rest_route=%2Fwp%2Fv2%2Ftags&post=92605"}],"curies":[{"name":"wp","href":"https:\/\/api.w.org\/{rel}","templated":true}]}}