{"id":92599,"date":"2026-03-07T16:55:22","date_gmt":"2026-03-07T13:55:22","guid":{"rendered":"https:\/\/www.egemtv.com\/?p=92599"},"modified":"2026-03-07T16:55:23","modified_gmt":"2026-03-07T13:55:23","slug":"kesilen-basrali-dallar-aricilar-icin-ormana-birakildi","status":"publish","type":"post","link":"https:\/\/www.egemtv.com\/?p=92599","title":{"rendered":"Kesilen basral\u0131 dallar ar\u0131c\u0131lar i\u00e7in ormana b\u0131rak\u0131ld\u0131"},"content":{"rendered":"<p>Mu\u011fla Sakar yolundan toplanan basral\u0131 dallar ar\u0131c\u0131lar i\u00e7in Marmaris il\u00e7esi Karaca Mahallesi\u2019ndeki  ormanl\u0131k alana b\u0131rak\u0131ld\u0131.<br \/>\n<br \/>Marmaris Orman \u0130\u015fletme M\u00fcd\u00fcrl\u00fc\u011f\u00fc taraf\u0131ndan y\u00fcr\u00fct\u00fclen \u00e7al\u0131\u015fmalar kapsam\u0131nda, yang\u0131n riskini azaltmak amac\u0131yla kesilmek zorunda kal\u0131nan a\u011fa\u00e7lardan elde edilen basral\u0131 dallar de\u011ferlendirilerek ormandaki a\u011fa\u00e7lara a\u015f\u0131 amac\u0131yla b\u0131rak\u0131ld\u0131. Mu\u011fla Sakar yolu \u00fczerinde ger\u00e7ekle\u015ftirilen yol kenar\u0131 temizli\u011fi \u00e7al\u0131\u015fmalar\u0131 s\u0131ras\u0131nda toplanan basral\u0131 dallar, Marmaris Orman \u0130\u015fletme M\u00fcd\u00fcrl\u00fc\u011f\u00fc ekipleri ve k\u00f6yl\u00fclerin i\u015f birli\u011fiyle Karaca k\u00f6y\u00fcne getirildi. Dallar, bak\u0131m \u00e7al\u0131\u015fmalar\u0131 tamamlanan ormanl\u0131k alandaki a\u011fa\u00e7lara Basra a\u015f\u0131s\u0131 yap\u0131labilmesi i\u00e7in b\u0131rak\u0131ld\u0131. Orman i\u015fletme m\u00fcd\u00fcrl\u00fc\u011f\u00fc yetkilileri yap\u0131lan t\u00fcm \u00e7al\u0131\u015fmalarda yerel bile\u015fenlerin ve \u00fcreticilerin de dikkate al\u0131nd\u0131\u011f\u0131n\u0131 belirterek, hem ormanlar\u0131n korunmas\u0131 hem de b\u00f6lgedeki \u00fcretime katk\u0131 sa\u011flanmas\u0131n\u0131n hedeflendi\u011fini ifade etti. Bak\u0131m\u0131 yap\u0131lm\u0131\u015f ormanlarda \u0131s\u0131, \u0131\u015f\u0131k ve nem dengesinin daha sa\u011fl\u0131kl\u0131 olu\u015ftu\u011funu belirten yetkililer, bu durumun Basra\u2019n\u0131n miktar\u0131 ve geli\u015fiminin \u00fcst seviyede seyretmesine katk\u0131 sa\u011flad\u0131\u011f\u0131n\u0131 vurgulad\u0131.<br \/><\/p>\n","protected":false},"excerpt":{"rendered":"<p>Mu\u011fla Sakar yolundan toplanan basral\u0131 dallar ar\u0131c\u0131lar i\u00e7in Marmaris il\u00e7esi Karaca Mahallesi\u2019ndeki ormanl\u0131k alana b\u0131rak\u0131ld\u0131. Marmaris Orman \u0130\u015fletme M\u00fcd\u00fcrl\u00fc\u011f\u00fc taraf\u0131ndan y\u00fcr\u00fct\u00fclen \u00e7al\u0131\u015fmalar kapsam\u0131nda, yang\u0131n riskini azaltmak amac\u0131yla kesilmek zorunda kal\u0131nan a\u011fa\u00e7lardan elde edilen basral\u0131 dallar de\u011ferlendirilerek ormandaki a\u011fa\u00e7lara a\u015f\u0131 amac\u0131yla b\u0131rak\u0131ld\u0131. Mu\u011fla Sakar yolu \u00fczerinde ger\u00e7ekle\u015ftirilen yol kenar\u0131 temizli\u011fi \u00e7al\u0131\u015fmalar\u0131 s\u0131ras\u0131nda toplanan basral\u0131 dallar, Marmaris&#8230;<\/p>\n","protected":false},"author":1,"featured_media":92600,"comment_status":"open","ping_status":"open","sticky":false,"template":"","format":"standard","meta":{"_crdt_document":"","footnotes":""},"categories":[1],"tags":[],"class_list":["post-92599","post","type-post","status-publish","format-standard","has-post-thumbnail","hentry","category-guncel"],"_links":{"self":[{"href":"https:\/\/www.egemtv.com\/index.php?rest_route=\/wp\/v2\/posts\/92599","targetHints":{"allow":["GET"]}}],"collection":[{"href":"https:\/\/www.egemtv.com\/index.php?rest_route=\/wp\/v2\/posts"}],"about":[{"href":"https:\/\/www.egemtv.com\/index.php?rest_route=\/wp\/v2\/types\/post"}],"author":[{"embeddable":true,"href":"https:\/\/www.egemtv.com\/index.php?rest_route=\/wp\/v2\/users\/1"}],"replies":[{"embeddable":true,"href":"https:\/\/www.egemtv.com\/index.php?rest_route=%2Fwp%2Fv2%2Fcomments&post=92599"}],"version-history":[{"count":1,"href":"https:\/\/www.egemtv.com\/index.php?rest_route=\/wp\/v2\/posts\/92599\/revisions"}],"predecessor-version":[{"id":92601,"href":"https:\/\/www.egemtv.com\/index.php?rest_route=\/wp\/v2\/posts\/92599\/revisions\/92601"}],"wp:featuredmedia":[{"embeddable":true,"href":"https:\/\/www.egemtv.com\/index.php?rest_route=\/wp\/v2\/media\/92600"}],"wp:attachment":[{"href":"https:\/\/www.egemtv.com\/index.php?rest_route=%2Fwp%2Fv2%2Fmedia&parent=92599"}],"wp:term":[{"taxonomy":"category","embeddable":true,"href":"https:\/\/www.egemtv.com\/index.php?rest_route=%2Fwp%2Fv2%2Fcategories&post=92599"},{"taxonomy":"post_tag","embeddable":true,"href":"https:\/\/www.egemtv.com\/index.php?rest_route=%2Fwp%2Fv2%2Ftags&post=92599"}],"curies":[{"name":"wp","href":"https:\/\/api.w.org\/{rel}","templated":true}]}}