{"id":92593,"date":"2026-03-07T16:55:20","date_gmt":"2026-03-07T13:55:20","guid":{"rendered":"https:\/\/www.egemtv.com\/?p=92593"},"modified":"2026-03-07T16:55:21","modified_gmt":"2026-03-07T13:55:21","slug":"first-lego-league-ulusal-turnuvasi-fuar-izmirde-basladi","status":"publish","type":"post","link":"https:\/\/www.egemtv.com\/?p=92593","title":{"rendered":"FIRST LEGO League Ulusal Turnuvas\u0131 Fuar \u0130zmir\u2019de ba\u015flad\u0131"},"content":{"rendered":"<p>Bilim Kahramanlar\u0131 Bulu\u015fuyor FIRST LEGO League Challenge turnuvalar\u0131n\u0131n 22\u2019nci sezonu Ulusal Turnuvas\u0131, Fuar \u0130zmir\u2019de ba\u015flad\u0131. \u0130zmir B\u00fcy\u00fck\u015fehir Belediyesi\u2019nin ev sahipli\u011finde, \u0130ZFA\u015e\u2019\u0131n deste\u011fiyle Bilim Kahramanlar\u0131 Derne\u011fi taraf\u0131ndan d\u00fczenlenen etkinlikte T\u00fcrkiye\u2019nin 21 farkl\u0131 \u015fehrinden toplam 74 tak\u0131m yer ald\u0131.<br \/>\n<br \/>Her y\u0131l, 9-16 ya\u015f aras\u0131 \u00e7ocuk ve gen\u00e7lerin kendilerini &#8220;topluma duyarl\u0131 bilim insan\u0131 ve m\u00fchendis olarak g\u00f6rmelerini&#8221; ama\u00e7layan ve d\u00fcnya genelinde 100\u2019\u00fc a\u015fk\u0131n \u00fclkeden 300 binden fazla \u00e7ocu\u011fun kat\u0131ld\u0131\u011f\u0131 FIRST LEGO League Challenge turnuvalar\u0131n\u0131n 22\u2019nci sezon Ulusal Turnuvas\u0131 bu y\u0131l \u0130zmir\u2019in ev sahipli\u011finde ger\u00e7ekle\u015ftiriliyor. UNEARTHED temas\u0131yla d\u00fczenlenen turnuvada tak\u0131mlar; ge\u00e7mi\u015fin izini s\u00fcrerek arkeolojik s\u00fcre\u00e7leri, yer alt\u0131 yap\u0131lar\u0131yla gizli kalm\u0131\u015f alanlar\u0131 ve eski uygarl\u0131klar\u0131n izlerini ara\u015ft\u0131r\u0131yor. \u00d6\u011frenciler, kar\u015f\u0131la\u015ft\u0131klar\u0131 sorunlara yenilik\u00e7i \u00e7\u00f6z\u00fcmler geli\u015ftirirken tasarlay\u0131p kodlad\u0131klar\u0131 robotlarla g\u00f6revleri tamamlamaya \u00e7al\u0131\u015f\u0131yor. Gen\u00e7lerin bilim, teknoloji, m\u00fchendislik ve matematik (STEM) alanlar\u0131na ilgisini art\u0131rmay\u0131 hedefleyen organizasyonda \u00f6\u011frenciler robot tasar\u0131m\u0131, yaz\u0131l\u0131m geli\u015ftirme, problem \u00e7\u00f6zme ve ekip \u00e7al\u0131\u015fmas\u0131 gibi becerilerini ortaya koyuyor.<\/p>\n<p>74 tak\u0131m yar\u0131\u015f\u0131yor<br \/>\n<br \/>Fuar \u0130zmir A Hol\u2019de ger\u00e7ekle\u015ftirilen Ulusal Turnuva\u2019ya T\u00fcrkiye\u2019nin 21 farkl\u0131 \u015fehrinden toplam 74 tak\u0131m, yakla\u015f\u0131k 750 \u00f6\u011frenci ve \u00f6\u011fretmenleri kat\u0131ld\u0131. Turnuvan\u0131n a\u00e7\u0131l\u0131\u015f t\u00f6renine, \u0130zmir B\u00fcy\u00fck\u015fehir Belediye Meclisi CHP Grup Ba\u015fkan Vekili Altan \u0130nan\u00e7, Bilim Kahramanlar\u0131 Derne\u011fi Y\u00f6netim Kurulu Ba\u015fkan\u0131 Prof. Dr. S\u0131dd\u0131ka Semahat Demir, \u0130ZFA\u015e Genel M\u00fcd\u00fcr\u00fc Tu\u011f\u00e7e Cumal\u0131o\u011flu, Bilim Kahramanlar\u0131 Derne\u011fi ve \u0130ZFA\u015e y\u00f6neticileri, akademisyenler, \u00f6\u011fretmenler ve \u00f6\u011frenciler kat\u0131ld\u0131.<\/p>\n<p>B\u00fcy\u00fck\u015fehir ve \u0130ZFA\u015e\u2019a te\u015fekk\u00fcr<br \/>\n<br \/>Turnuvan\u0131n a\u00e7\u0131l\u0131\u015f\u0131nda konu\u015fan Bilim Kahramanlar\u0131 Derne\u011fi Y\u00f6netim Kurulu Ba\u015fkan\u0131 Prof. Dr. S\u0131dd\u0131ka Semahat Demir, 22 y\u0131ld\u0131r d\u00fczenlenen Bilim Kahramanlar\u0131 Bulu\u015fuyor turnuvalar\u0131yla bug\u00fcne kadar 47 bini a\u015fk\u0131n \u00e7ocuk ve gen\u00e7le bir araya geldiklerini belirterek, &#8220;Bug\u00fcnse hepimiz i\u00e7in bir kutlama g\u00fcn\u00fc. Bu sezon 501 tak\u0131m ve 4 bin 500\u2019\u00fc a\u015fk\u0131n \u00e7ocuk ve gencin kat\u0131ld\u0131\u011f\u0131 bir program\u0131 m\u00fcmk\u00fcn k\u0131lm\u0131\u015f olman\u0131n gururunu ya\u015f\u0131yoruz. Her y\u0131l daha fazla \u00e7ocu\u011fa ula\u015fma hayaliyle \u00e7al\u0131\u015fmaya ve \u00fcretmeye devam edece\u011fimizi bilmek bana b\u00fcy\u00fck bir g\u00fc\u00e7 veriyor&#8221; diyerek y\u0131llard\u0131r \u0130zmir yerel ve ulusal turnuvalar\u0131na ev sahipli\u011fi yapan \u0130zmir B\u00fcy\u00fck\u015fehir Belediyesi\u2019ne ve \u0130ZFA\u015e\u2019a te\u015fekk\u00fcr etti.<\/p>\n<p>&#8220;Turnuvaya ev sahipli\u011fi yapmaktan b\u00fcy\u00fck mutluluk duyuyoruz&#8221;<br \/>\n<br \/>\u0130ZFA\u015e Genel M\u00fcd\u00fcr\u00fc Tu\u011f\u00e7e Cumal\u0131o\u011flu ise, &#8220;10 y\u0131ld\u0131r bu turnuvaya ev sahipli\u011fi yapmaktan \u00e7ok b\u00fcy\u00fck mutluluk duyuyoruz. Fuar \u0130zmir\u2019de biz hep ticaret, sanayi fuarlar\u0131 yap\u0131yoruz, ama hi\u00e7biri bu kadar ne\u015feli, hi\u00e7biri bu kadar bilim dolu, hi\u00e7biri bu kadar co\u015fkulu de\u011fil. O y\u00fczden \u00f6n\u00fcm\u00fczdeki y\u0131llarda da burada sizlerle hep birlikte olmay\u0131 sab\u0131rs\u0131zl\u0131kla bekliyoruz. \u0130ki g\u00fcn boyunca hepinize bol \u015fans, bol keyif dolu, bilim dolu, heyecan dolu, tad\u0131n\u0131 \u00e7\u0131karaca\u011f\u0131n\u0131z zaman diliyorum. \u0130yi ki geldiniz, aya\u011f\u0131n\u0131za sa\u011fl\u0131k&#8221; dedi.<\/p>\n<p>Turnuva program\u0131nda d\u00f6n\u00fc\u015f\u00fcm<br \/>\n<br \/>Bilim Kahramanlar\u0131 Derne\u011fi Genel Sekreteri Asl\u0131 Y\u0131k\u0131c\u0131 Yurtsever ise \u00f6n\u00fcm\u00fczdeki y\u0131ldan itibaren First Lego League Challenge turnuvalar\u0131nda yeni bir modele ge\u00e7ilece\u011fini belirtti. De\u011fi\u015fen ve geli\u015fen d\u00fcnyaya uyum sa\u011flamak amac\u0131yla programda d\u00f6n\u00fc\u015f\u00fcm s\u00fcrecinin ba\u015flayaca\u011f\u0131n\u0131 ifade eden Yurtsever, yapay zekan\u0131n da dahil olaca\u011f\u0131 yeni uygulamalarla program\u0131n daha kat\u0131l\u0131mc\u0131 bir yap\u0131ya kavu\u015fmas\u0131n\u0131n hedeflendi\u011fini vurgulad\u0131.<br \/>\n<br \/>Turnuva kapsam\u0131nda iki g\u00fcn boyunca robot yar\u0131\u015fmalar\u0131, proje sunumlar\u0131 ve \u00e7e\u015fitli etkinlikler ger\u00e7ekle\u015ftirilecek. Turnuva sonunda dereceye giren 6 tak\u0131m, \u00fclkemizi uluslararas\u0131 turnuvada temsil edecek.<br \/><\/p>\n","protected":false},"excerpt":{"rendered":"<p>Bilim Kahramanlar\u0131 Bulu\u015fuyor FIRST LEGO League Challenge turnuvalar\u0131n\u0131n 22\u2019nci sezonu Ulusal Turnuvas\u0131, Fuar \u0130zmir\u2019de ba\u015flad\u0131. \u0130zmir B\u00fcy\u00fck\u015fehir Belediyesi\u2019nin ev sahipli\u011finde, \u0130ZFA\u015e\u2019\u0131n deste\u011fiyle Bilim Kahramanlar\u0131 Derne\u011fi taraf\u0131ndan d\u00fczenlenen etkinlikte T\u00fcrkiye\u2019nin 21 farkl\u0131 \u015fehrinden toplam 74 tak\u0131m yer ald\u0131. Her y\u0131l, 9-16 ya\u015f aras\u0131 \u00e7ocuk ve gen\u00e7lerin kendilerini &#8220;topluma duyarl\u0131 bilim insan\u0131 ve m\u00fchendis olarak g\u00f6rmelerini&#8221; ama\u00e7layan&#8230;<\/p>\n","protected":false},"author":1,"featured_media":92594,"comment_status":"open","ping_status":"open","sticky":false,"template":"","format":"standard","meta":{"_crdt_document":"","footnotes":""},"categories":[124],"tags":[],"class_list":["post-92593","post","type-post","status-publish","format-standard","has-post-thumbnail","hentry","category-bilim"],"_links":{"self":[{"href":"https:\/\/www.egemtv.com\/index.php?rest_route=\/wp\/v2\/posts\/92593","targetHints":{"allow":["GET"]}}],"collection":[{"href":"https:\/\/www.egemtv.com\/index.php?rest_route=\/wp\/v2\/posts"}],"about":[{"href":"https:\/\/www.egemtv.com\/index.php?rest_route=\/wp\/v2\/types\/post"}],"author":[{"embeddable":true,"href":"https:\/\/www.egemtv.com\/index.php?rest_route=\/wp\/v2\/users\/1"}],"replies":[{"embeddable":true,"href":"https:\/\/www.egemtv.com\/index.php?rest_route=%2Fwp%2Fv2%2Fcomments&post=92593"}],"version-history":[{"count":1,"href":"https:\/\/www.egemtv.com\/index.php?rest_route=\/wp\/v2\/posts\/92593\/revisions"}],"predecessor-version":[{"id":92595,"href":"https:\/\/www.egemtv.com\/index.php?rest_route=\/wp\/v2\/posts\/92593\/revisions\/92595"}],"wp:featuredmedia":[{"embeddable":true,"href":"https:\/\/www.egemtv.com\/index.php?rest_route=\/wp\/v2\/media\/92594"}],"wp:attachment":[{"href":"https:\/\/www.egemtv.com\/index.php?rest_route=%2Fwp%2Fv2%2Fmedia&parent=92593"}],"wp:term":[{"taxonomy":"category","embeddable":true,"href":"https:\/\/www.egemtv.com\/index.php?rest_route=%2Fwp%2Fv2%2Fcategories&post=92593"},{"taxonomy":"post_tag","embeddable":true,"href":"https:\/\/www.egemtv.com\/index.php?rest_route=%2Fwp%2Fv2%2Ftags&post=92593"}],"curies":[{"name":"wp","href":"https:\/\/api.w.org\/{rel}","templated":true}]}}