{"id":92590,"date":"2026-03-07T16:18:00","date_gmt":"2026-03-07T13:18:00","guid":{"rendered":"https:\/\/www.egemtv.com\/?p=92590"},"modified":"2026-03-07T16:18:01","modified_gmt":"2026-03-07T13:18:01","slug":"manisada-ramazan-dayanismasi-giderek-buyuyor","status":"publish","type":"post","link":"https:\/\/www.egemtv.com\/?p=92590","title":{"rendered":"Manisa\u2019da ramazan dayan\u0131\u015fmas\u0131 giderek b\u00fcy\u00fcyor"},"content":{"rendered":"<p>Manisa B\u00fcy\u00fck\u015fehir Belediyesi, Ramazan ay\u0131n\u0131n payla\u015fma ve dayan\u0131\u015fma ruhunu kentin d\u00f6rt bir yan\u0131nda ya\u015fatmaya devam ediyor. Bu kapsamda B\u00fcy\u00fck\u015fehir Belediyesi ekipleri, il genelinde tespit edilen 22 bin ihtiya\u00e7 sahibi aileye temel g\u0131da \u00fcr\u00fcnlerinden olu\u015fan yard\u0131m kolilerini ula\u015ft\u0131rd\u0131.<br \/>\n<br \/>Sosyal belediyecilik anlay\u0131\u015f\u0131yla \u00e7al\u0131\u015fmalar\u0131n\u0131 s\u00fcrd\u00fcren Manisa B\u00fcy\u00fck\u015fehir Belediyesi, Ramazan ay\u0131nda da ihtiya\u00e7 sahibi vatanda\u015flar\u0131n yan\u0131nda olmay\u0131 s\u00fcrd\u00fcr\u00fcyor. Sa\u011fl\u0131k ve Sosyal Hizmetler Dairesi Ba\u015fkanl\u0131\u011f\u0131 koordinasyonunda haz\u0131rlanan g\u0131da kolileri, ekipler taraf\u0131ndan il genelinde kap\u0131 kap\u0131 da\u011f\u0131t\u0131l\u0131yor.<br \/>\n<br \/>Ramazan boyunca s\u00fcrd\u00fcr\u00fclecek desteklerle ihtiya\u00e7 sahibi ailelerin sofralar\u0131na katk\u0131 sa\u011flanmas\u0131 ve dayan\u0131\u015fma k\u00fclt\u00fcr\u00fcn\u00fcn g\u00fc\u00e7lendirilmesi hedefleniyor.<br \/>\n<br \/>&#8220;Dayan\u0131\u015fmay\u0131 b\u00fcy\u00fctmeye devam edece\u011fiz&#8221;<br \/>\n<br \/>Manisa B\u00fcy\u00fck\u015fehir Belediye Ba\u015fkan\u0131 Besim Dutlulu, Ramazan ay\u0131n\u0131n birlik, beraberlik ve payla\u015fma ay\u0131 oldu\u011funu belirterek, &#8220;Kap\u0131s\u0131n\u0131 \u00e7ald\u0131\u011f\u0131m\u0131z her haneye sadece bir g\u0131da kolisi de\u011fil, ayn\u0131 zamanda dayan\u0131\u015fman\u0131n s\u0131cakl\u0131\u011f\u0131n\u0131 g\u00f6t\u00fcr\u00fcyoruz. Hem\u015fehrilerimizin kendilerini yaln\u0131z hissetmedi\u011fi bir Manisa i\u00e7in \u00e7al\u0131\u015f\u0131yoruz. \u00c7\u00fcnk\u00fc bu \u015fehirde dayan\u0131\u015fma her zaman vard\u0131 ve biz bu dayan\u0131\u015fmay\u0131 b\u00fcy\u00fctmeye devam edece\u011fiz&#8221; dedi.<br \/><\/p>\n","protected":false},"excerpt":{"rendered":"<p>Manisa B\u00fcy\u00fck\u015fehir Belediyesi, Ramazan ay\u0131n\u0131n payla\u015fma ve dayan\u0131\u015fma ruhunu kentin d\u00f6rt bir yan\u0131nda ya\u015fatmaya devam ediyor. Bu kapsamda B\u00fcy\u00fck\u015fehir Belediyesi ekipleri, il genelinde tespit edilen 22 bin ihtiya\u00e7 sahibi aileye temel g\u0131da \u00fcr\u00fcnlerinden olu\u015fan yard\u0131m kolilerini ula\u015ft\u0131rd\u0131. Sosyal belediyecilik anlay\u0131\u015f\u0131yla \u00e7al\u0131\u015fmalar\u0131n\u0131 s\u00fcrd\u00fcren Manisa B\u00fcy\u00fck\u015fehir Belediyesi, Ramazan ay\u0131nda da ihtiya\u00e7 sahibi vatanda\u015flar\u0131n yan\u0131nda olmay\u0131 s\u00fcrd\u00fcr\u00fcyor. Sa\u011fl\u0131k&#8230;<\/p>\n","protected":false},"author":1,"featured_media":92591,"comment_status":"open","ping_status":"open","sticky":false,"template":"","format":"standard","meta":{"_crdt_document":"","footnotes":""},"categories":[125],"tags":[],"class_list":["post-92590","post","type-post","status-publish","format-standard","has-post-thumbnail","hentry","category-ekonomi"],"_links":{"self":[{"href":"https:\/\/www.egemtv.com\/index.php?rest_route=\/wp\/v2\/posts\/92590","targetHints":{"allow":["GET"]}}],"collection":[{"href":"https:\/\/www.egemtv.com\/index.php?rest_route=\/wp\/v2\/posts"}],"about":[{"href":"https:\/\/www.egemtv.com\/index.php?rest_route=\/wp\/v2\/types\/post"}],"author":[{"embeddable":true,"href":"https:\/\/www.egemtv.com\/index.php?rest_route=\/wp\/v2\/users\/1"}],"replies":[{"embeddable":true,"href":"https:\/\/www.egemtv.com\/index.php?rest_route=%2Fwp%2Fv2%2Fcomments&post=92590"}],"version-history":[{"count":1,"href":"https:\/\/www.egemtv.com\/index.php?rest_route=\/wp\/v2\/posts\/92590\/revisions"}],"predecessor-version":[{"id":92592,"href":"https:\/\/www.egemtv.com\/index.php?rest_route=\/wp\/v2\/posts\/92590\/revisions\/92592"}],"wp:featuredmedia":[{"embeddable":true,"href":"https:\/\/www.egemtv.com\/index.php?rest_route=\/wp\/v2\/media\/92591"}],"wp:attachment":[{"href":"https:\/\/www.egemtv.com\/index.php?rest_route=%2Fwp%2Fv2%2Fmedia&parent=92590"}],"wp:term":[{"taxonomy":"category","embeddable":true,"href":"https:\/\/www.egemtv.com\/index.php?rest_route=%2Fwp%2Fv2%2Fcategories&post=92590"},{"taxonomy":"post_tag","embeddable":true,"href":"https:\/\/www.egemtv.com\/index.php?rest_route=%2Fwp%2Fv2%2Ftags&post=92590"}],"curies":[{"name":"wp","href":"https:\/\/api.w.org\/{rel}","templated":true}]}}