{"id":92587,"date":"2026-03-07T16:17:58","date_gmt":"2026-03-07T13:17:58","guid":{"rendered":"https:\/\/www.egemtv.com\/?p=92587"},"modified":"2026-03-07T16:17:59","modified_gmt":"2026-03-07T13:17:59","slug":"bodrumda-ogrenciler-deprem-tatbikatinda-cok-kapan-tutun-yapti","status":"publish","type":"post","link":"https:\/\/www.egemtv.com\/?p=92587","title":{"rendered":"Bodrum\u2019da \u00f6\u011frenciler deprem tatbikat\u0131nda &#8220;\u00e7\u00f6k-kapan-tutun&#8221; yapt\u0131"},"content":{"rendered":"<p>Mu\u011fla\u2019n\u0131n Bodrum il\u00e7esinde, 1-7 Mart Deprem Haftas\u0131 kapsam\u0131nda Kanuni Sultan S\u00fcleyman Anadolu Lisesi\u2019nde deprem tatbikat\u0131 ger\u00e7ekle\u015ftirildi. Sirenlerin \u00e7almas\u0131yla ba\u015flayan tatbikatta \u00f6\u011frenciler s\u0131n\u0131flar\u0131nda &#8220;\u00e7\u00f6k-kapan-tutun&#8221; y\u00f6ntemini uygularken, senaryo gere\u011fi yaralanan \u00f6\u011frencilere UMKE ekipleri m\u00fcdahale etti.<br \/>\n<br \/>Bodrum \u0130l\u00e7e Milli E\u011fitim M\u00fcd\u00fcrl\u00fc\u011f\u00fc koordinesinde d\u00fczenlenen tatbikata, Mu\u011fla B\u00fcy\u00fck\u015fehir Belediyesi \u0130tfaiye Daire Ba\u015fkanl\u0131\u011f\u0131 Bodrum \u0130tfaiye Grup Amirli\u011fi, Bodrum Belediyesi Arama Kurtarma (BAKUT) ekipleri ve Ulusal Medikal Kurtarma Ekibi (UMKE) kat\u0131ld\u0131. Tatbikat kapsam\u0131nda sirenlerin \u00e7almas\u0131yla birlikte \u00f6\u011frenciler, s\u0131n\u0131flar\u0131nda deprem an\u0131nda uygulanmas\u0131 gereken &#8220;\u00e7\u00f6k-kapan-tutun&#8221; y\u00f6ntemini uygulad\u0131.<br \/>\n<br \/>Sars\u0131nt\u0131n\u0131n sona erdi\u011fi anonsunun ard\u0131ndan \u00f6\u011frenciler ve \u00f6\u011fretmenler, kontroll\u00fc bir \u015fekilde okul binas\u0131n\u0131 tahliye ederek bah\u00e7ede belirlenen toplanma alan\u0131na ge\u00e7ti. Tahliye s\u00fcreci ve toplanma alan\u0131ndaki d\u00fczen, ekiplerin g\u00f6zetiminde ger\u00e7ekle\u015ftirildi. Senaryo gere\u011fi yaralanan \u00f6\u011frenciler i\u00e7in okul bah\u00e7esinde haz\u0131r bulunan UMKE personeli taraf\u0131ndan ilk m\u00fcdahale yap\u0131ld\u0131. Tatbikat\u0131n ard\u0131ndan uzman ekipler taraf\u0131ndan \u00f6\u011frenci ve \u00f6\u011fretmenlere; deprem \u00f6ncesi al\u0131nmas\u0131 gereken tedbirler ile deprem an\u0131nda sergilenmesi gereken do\u011fru davran\u0131\u015f \u015fekilleri hakk\u0131nda teknik bilgiler verildi.<br \/><\/p>\n","protected":false},"excerpt":{"rendered":"<p>Mu\u011fla\u2019n\u0131n Bodrum il\u00e7esinde, 1-7 Mart Deprem Haftas\u0131 kapsam\u0131nda Kanuni Sultan S\u00fcleyman Anadolu Lisesi\u2019nde deprem tatbikat\u0131 ger\u00e7ekle\u015ftirildi. Sirenlerin \u00e7almas\u0131yla ba\u015flayan tatbikatta \u00f6\u011frenciler s\u0131n\u0131flar\u0131nda &#8220;\u00e7\u00f6k-kapan-tutun&#8221; y\u00f6ntemini uygularken, senaryo gere\u011fi yaralanan \u00f6\u011frencilere UMKE ekipleri m\u00fcdahale etti. Bodrum \u0130l\u00e7e Milli E\u011fitim M\u00fcd\u00fcrl\u00fc\u011f\u00fc koordinesinde d\u00fczenlenen tatbikata, Mu\u011fla B\u00fcy\u00fck\u015fehir Belediyesi \u0130tfaiye Daire Ba\u015fkanl\u0131\u011f\u0131 Bodrum \u0130tfaiye Grup Amirli\u011fi, Bodrum Belediyesi Arama Kurtarma&#8230;<\/p>\n","protected":false},"author":1,"featured_media":92588,"comment_status":"open","ping_status":"open","sticky":false,"template":"","format":"standard","meta":{"_crdt_document":"","footnotes":""},"categories":[1],"tags":[],"class_list":["post-92587","post","type-post","status-publish","format-standard","has-post-thumbnail","hentry","category-guncel"],"_links":{"self":[{"href":"https:\/\/www.egemtv.com\/index.php?rest_route=\/wp\/v2\/posts\/92587","targetHints":{"allow":["GET"]}}],"collection":[{"href":"https:\/\/www.egemtv.com\/index.php?rest_route=\/wp\/v2\/posts"}],"about":[{"href":"https:\/\/www.egemtv.com\/index.php?rest_route=\/wp\/v2\/types\/post"}],"author":[{"embeddable":true,"href":"https:\/\/www.egemtv.com\/index.php?rest_route=\/wp\/v2\/users\/1"}],"replies":[{"embeddable":true,"href":"https:\/\/www.egemtv.com\/index.php?rest_route=%2Fwp%2Fv2%2Fcomments&post=92587"}],"version-history":[{"count":1,"href":"https:\/\/www.egemtv.com\/index.php?rest_route=\/wp\/v2\/posts\/92587\/revisions"}],"predecessor-version":[{"id":92589,"href":"https:\/\/www.egemtv.com\/index.php?rest_route=\/wp\/v2\/posts\/92587\/revisions\/92589"}],"wp:featuredmedia":[{"embeddable":true,"href":"https:\/\/www.egemtv.com\/index.php?rest_route=\/wp\/v2\/media\/92588"}],"wp:attachment":[{"href":"https:\/\/www.egemtv.com\/index.php?rest_route=%2Fwp%2Fv2%2Fmedia&parent=92587"}],"wp:term":[{"taxonomy":"category","embeddable":true,"href":"https:\/\/www.egemtv.com\/index.php?rest_route=%2Fwp%2Fv2%2Fcategories&post=92587"},{"taxonomy":"post_tag","embeddable":true,"href":"https:\/\/www.egemtv.com\/index.php?rest_route=%2Fwp%2Fv2%2Ftags&post=92587"}],"curies":[{"name":"wp","href":"https:\/\/api.w.org\/{rel}","templated":true}]}}