{"id":92584,"date":"2026-03-07T16:17:57","date_gmt":"2026-03-07T13:17:57","guid":{"rendered":"https:\/\/www.egemtv.com\/?p=92584"},"modified":"2026-03-07T16:17:58","modified_gmt":"2026-03-07T13:17:58","slug":"beton-mikserinin-carptigi-is-insani-son-yolculuguna-ugurlandi","status":"publish","type":"post","link":"https:\/\/www.egemtv.com\/?p=92584","title":{"rendered":"Beton mikserinin \u00e7arpt\u0131\u011f\u0131 i\u015f insan\u0131 son yolculu\u011funa u\u011furland\u0131"},"content":{"rendered":"<p>Mu\u011fla\u2019n\u0131n Bodrum il\u00e7esinde beton mikserinin \u00e7arpmas\u0131 sonucu hayat\u0131n\u0131 kaybeden i\u015f insan\u0131 Murat Murathano\u011flu, G\u00f6lk\u00f6y Mezarl\u0131\u011f\u0131\u2019nda d\u00fczenlenen cenaze t\u00f6reninin ard\u0131ndan son yolculu\u011funa u\u011furland\u0131.<\/p>\n<p>Kaza, 5 Mart Per\u015fembe g\u00fcn\u00fc \u00f6\u011fle saatlerinde Torba Mahallesi\u2019nde meydana geldi. Edinilen bilgiye g\u00f6re, Torba Mahallesi Muhtarl\u0131\u011f\u0131 \u00f6n\u00fcnde yolun kar\u015f\u0131s\u0131na ge\u00e7meye \u00e7al\u0131\u015fan 79 ya\u015f\u0131ndaki Murat Murathano\u011flu\u2019na, G\u00f6lk\u00f6y istikametinden Torba Kav\u015fa\u011f\u0131 y\u00f6n\u00fcne seyreden beton mikseri \u00e7arpt\u0131. \u0130hbar \u00fczerine olay yerine gelen ekipler, Murathano\u011flu\u2019nun hayat\u0131n\u0131 kaybetti\u011fini belirledi.<\/p>\n<p>Kaza sonras\u0131 g\u00f6zalt\u0131na al\u0131nan beton mikseri s\u00fcr\u00fcc\u00fcs\u00fc M.A.\u2019n\u0131n ise adli kontrol \u015fart\u0131yla serbest b\u0131rak\u0131ld\u0131\u011f\u0131 \u00f6\u011frenildi. Murathano\u011flu i\u00e7in G\u00f6lk\u00f6y Mezarl\u0131\u011f\u0131\u2019nda cenaze t\u00f6reni d\u00fczenlendi. T\u00f6rene ailesinin yan\u0131 s\u0131ra i\u015f ve sanat d\u00fcnyas\u0131ndan \u00e7ok say\u0131da ki\u015fi kat\u0131ld\u0131. Helallik al\u0131nmas\u0131n\u0131n ard\u0131ndan k\u0131l\u0131nan cenaze namaz\u0131 sonras\u0131 2 \u00e7ocuk babas\u0131 Murat Murathano\u011flu, dualarla ve g\u00f6zya\u015flar\u0131 aras\u0131nda topra\u011fa verildi.<\/p>\n<p>Murat Murathano\u011flu\u2019nun bir d\u00f6nem Bodrum\u2019da e\u011flence mekan\u0131 ve gece kul\u00fcb\u00fc i\u015fletti\u011fi \u00f6\u011frenildi.<br \/><\/p>\n","protected":false},"excerpt":{"rendered":"<p>Mu\u011fla\u2019n\u0131n Bodrum il\u00e7esinde beton mikserinin \u00e7arpmas\u0131 sonucu hayat\u0131n\u0131 kaybeden i\u015f insan\u0131 Murat Murathano\u011flu, G\u00f6lk\u00f6y Mezarl\u0131\u011f\u0131\u2019nda d\u00fczenlenen cenaze t\u00f6reninin ard\u0131ndan son yolculu\u011funa u\u011furland\u0131. Kaza, 5 Mart Per\u015fembe g\u00fcn\u00fc \u00f6\u011fle saatlerinde Torba Mahallesi\u2019nde meydana geldi. Edinilen bilgiye g\u00f6re, Torba Mahallesi Muhtarl\u0131\u011f\u0131 \u00f6n\u00fcnde yolun kar\u015f\u0131s\u0131na ge\u00e7meye \u00e7al\u0131\u015fan 79 ya\u015f\u0131ndaki Murat Murathano\u011flu\u2019na, G\u00f6lk\u00f6y istikametinden Torba Kav\u015fa\u011f\u0131 y\u00f6n\u00fcne seyreden beton&#8230;<\/p>\n","protected":false},"author":1,"featured_media":92585,"comment_status":"open","ping_status":"open","sticky":false,"template":"","format":"standard","meta":{"_crdt_document":"","footnotes":""},"categories":[5],"tags":[],"class_list":["post-92584","post","type-post","status-publish","format-standard","has-post-thumbnail","hentry","category-asayis"],"_links":{"self":[{"href":"https:\/\/www.egemtv.com\/index.php?rest_route=\/wp\/v2\/posts\/92584","targetHints":{"allow":["GET"]}}],"collection":[{"href":"https:\/\/www.egemtv.com\/index.php?rest_route=\/wp\/v2\/posts"}],"about":[{"href":"https:\/\/www.egemtv.com\/index.php?rest_route=\/wp\/v2\/types\/post"}],"author":[{"embeddable":true,"href":"https:\/\/www.egemtv.com\/index.php?rest_route=\/wp\/v2\/users\/1"}],"replies":[{"embeddable":true,"href":"https:\/\/www.egemtv.com\/index.php?rest_route=%2Fwp%2Fv2%2Fcomments&post=92584"}],"version-history":[{"count":1,"href":"https:\/\/www.egemtv.com\/index.php?rest_route=\/wp\/v2\/posts\/92584\/revisions"}],"predecessor-version":[{"id":92586,"href":"https:\/\/www.egemtv.com\/index.php?rest_route=\/wp\/v2\/posts\/92584\/revisions\/92586"}],"wp:featuredmedia":[{"embeddable":true,"href":"https:\/\/www.egemtv.com\/index.php?rest_route=\/wp\/v2\/media\/92585"}],"wp:attachment":[{"href":"https:\/\/www.egemtv.com\/index.php?rest_route=%2Fwp%2Fv2%2Fmedia&parent=92584"}],"wp:term":[{"taxonomy":"category","embeddable":true,"href":"https:\/\/www.egemtv.com\/index.php?rest_route=%2Fwp%2Fv2%2Fcategories&post=92584"},{"taxonomy":"post_tag","embeddable":true,"href":"https:\/\/www.egemtv.com\/index.php?rest_route=%2Fwp%2Fv2%2Ftags&post=92584"}],"curies":[{"name":"wp","href":"https:\/\/api.w.org\/{rel}","templated":true}]}}