{"id":92581,"date":"2026-03-07T16:17:56","date_gmt":"2026-03-07T13:17:56","guid":{"rendered":"https:\/\/www.egemtv.com\/?p=92581"},"modified":"2026-03-07T16:17:57","modified_gmt":"2026-03-07T13:17:57","slug":"salihlide-8-marta-ozel-uluslararasi-jurili-karma-sergi-acildi","status":"publish","type":"post","link":"https:\/\/www.egemtv.com\/?p=92581","title":{"rendered":"Salihli\u2019de 8 Mart\u2019a \u00f6zel Uluslararas\u0131 J\u00fcrili Karma Sergi a\u00e7\u0131ld\u0131"},"content":{"rendered":"<p>Manisa\u2019n\u0131n Salihli il\u00e7esinde D\u00fcnya Kad\u0131nlar G\u00fcn\u00fc dolay\u0131s\u0131yla fark\u0131ndal\u0131k olu\u015fturmak amac\u0131yla d\u00fczenlenen &#8220;Uluslararas\u0131 J\u00fcrili Karma Sergi&#8221;nin a\u00e7\u0131l\u0131\u015f\u0131 Zafer Keskiner Sergi Salonu\u2019nda ger\u00e7ekle\u015ftirildi.<br \/>\n<br \/>Manisa Celal Bayar \u00dcniversitesi Salihli Meslek Y\u00fcksekokulu taraf\u0131ndan d\u00fczenlenen sergi, Salihli Kaymakaml\u0131\u011f\u0131 ve Salihli Ticaret ve Sanayi Odas\u0131 i\u015f birli\u011fiyle hayata ge\u00e7irildi.<br \/>\n<br \/>Program kapsam\u0131nda sergide yer alan eserleri inceleyen Salihli Kaymakam\u0131 Ali G\u00fcldo\u011fan, sanat\u00e7\u0131lar ve kat\u0131l\u0131mc\u0131larla sohbet ederek \u00e7al\u0131\u015fmalar hakk\u0131nda bilgi ald\u0131. Serginin haz\u0131rlanmas\u0131na katk\u0131 sunanlara te\u015fekk\u00fcr eden Kaymakam G\u00fcldo\u011fan, kad\u0131nlar\u0131n toplumun her alan\u0131nda \u00f6nemli g\u00f6revler \u00fcstlendi\u011fini ifade etti.<br \/>\n<br \/>Sanat\u0131n toplumsal fark\u0131ndal\u0131k olu\u015fturmadaki g\u00fcc\u00fcne dikkat \u00e7eken G\u00fcldo\u011fan, t\u00fcm kad\u0131nlar\u0131n 8 Mart D\u00fcnya Kad\u0131nlar G\u00fcn\u00fc\u2019n\u00fc kutlad\u0131. Program, serginin gezilmesinin ard\u0131ndan sona erdi.<br \/>\n<br \/>A\u00e7\u0131l\u0131\u015fa Kaymakam Ali G\u00fcldo\u011fan, Belediye Ba\u015fkan Yard\u0131mc\u0131s\u0131 \u0130. Hakk\u0131 Aslan, \u0130l\u00e7e Jandarma Komutan\u0131 Binba\u015f\u0131 Do\u011fukan Karaaslan, Ticaret ve Sanayi Odas\u0131 Ba\u015fkan\u0131 \u0130brahim Y\u00fcksel, \u0130l\u00e7e Emniyet M\u00fcd\u00fcr Vekili \u00d6zg\u00fcr K\u0131l\u0131n\u00e7, Salihli MYO M\u00fcd\u00fcr\u00fc Do\u00e7.Tanju Kahraman ile davetliler kat\u0131ld\u0131.<br \/><\/p>\n","protected":false},"excerpt":{"rendered":"<p>Manisa\u2019n\u0131n Salihli il\u00e7esinde D\u00fcnya Kad\u0131nlar G\u00fcn\u00fc dolay\u0131s\u0131yla fark\u0131ndal\u0131k olu\u015fturmak amac\u0131yla d\u00fczenlenen &#8220;Uluslararas\u0131 J\u00fcrili Karma Sergi&#8221;nin a\u00e7\u0131l\u0131\u015f\u0131 Zafer Keskiner Sergi Salonu\u2019nda ger\u00e7ekle\u015ftirildi. Manisa Celal Bayar \u00dcniversitesi Salihli Meslek Y\u00fcksekokulu taraf\u0131ndan d\u00fczenlenen sergi, Salihli Kaymakaml\u0131\u011f\u0131 ve Salihli Ticaret ve Sanayi Odas\u0131 i\u015f birli\u011fiyle hayata ge\u00e7irildi. Program kapsam\u0131nda sergide yer alan eserleri inceleyen Salihli Kaymakam\u0131 Ali G\u00fcldo\u011fan, sanat\u00e7\u0131lar&#8230;<\/p>\n","protected":false},"author":1,"featured_media":92582,"comment_status":"open","ping_status":"open","sticky":false,"template":"","format":"standard","meta":{"_crdt_document":"","footnotes":""},"categories":[1],"tags":[],"class_list":["post-92581","post","type-post","status-publish","format-standard","has-post-thumbnail","hentry","category-guncel"],"_links":{"self":[{"href":"https:\/\/www.egemtv.com\/index.php?rest_route=\/wp\/v2\/posts\/92581","targetHints":{"allow":["GET"]}}],"collection":[{"href":"https:\/\/www.egemtv.com\/index.php?rest_route=\/wp\/v2\/posts"}],"about":[{"href":"https:\/\/www.egemtv.com\/index.php?rest_route=\/wp\/v2\/types\/post"}],"author":[{"embeddable":true,"href":"https:\/\/www.egemtv.com\/index.php?rest_route=\/wp\/v2\/users\/1"}],"replies":[{"embeddable":true,"href":"https:\/\/www.egemtv.com\/index.php?rest_route=%2Fwp%2Fv2%2Fcomments&post=92581"}],"version-history":[{"count":1,"href":"https:\/\/www.egemtv.com\/index.php?rest_route=\/wp\/v2\/posts\/92581\/revisions"}],"predecessor-version":[{"id":92583,"href":"https:\/\/www.egemtv.com\/index.php?rest_route=\/wp\/v2\/posts\/92581\/revisions\/92583"}],"wp:featuredmedia":[{"embeddable":true,"href":"https:\/\/www.egemtv.com\/index.php?rest_route=\/wp\/v2\/media\/92582"}],"wp:attachment":[{"href":"https:\/\/www.egemtv.com\/index.php?rest_route=%2Fwp%2Fv2%2Fmedia&parent=92581"}],"wp:term":[{"taxonomy":"category","embeddable":true,"href":"https:\/\/www.egemtv.com\/index.php?rest_route=%2Fwp%2Fv2%2Fcategories&post=92581"},{"taxonomy":"post_tag","embeddable":true,"href":"https:\/\/www.egemtv.com\/index.php?rest_route=%2Fwp%2Fv2%2Ftags&post=92581"}],"curies":[{"name":"wp","href":"https:\/\/api.w.org\/{rel}","templated":true}]}}