{"id":92578,"date":"2026-03-07T16:17:55","date_gmt":"2026-03-07T13:17:55","guid":{"rendered":"https:\/\/www.egemtv.com\/?p=92578"},"modified":"2026-03-07T16:17:56","modified_gmt":"2026-03-07T13:17:56","slug":"eski-ramazanlar-cami-avlusunda-yasatildi","status":"publish","type":"post","link":"https:\/\/www.egemtv.com\/?p=92578","title":{"rendered":"Eski ramazanlar cami avlusunda ya\u015fat\u0131ld\u0131"},"content":{"rendered":"<p>Manisa\u2019n\u0131n Yunusemre il\u00e7esinde Akgedik TOK\u0130 Ortaokulu\u2019nun ev sahipli\u011finde d\u00fczenlenen teravih bulu\u015fmas\u0131, \u00f6\u011frenciler, veliler ve \u00f6\u011fretmenleri bir araya getirdi. Cami avlusunda ger\u00e7ekle\u015ftirilen etkinlikte eski Ramazan gelenekleri yeniden canland\u0131r\u0131l\u0131rken, y\u00fczlerce ki\u015fi nostaljik bir Ramazan gecesi ya\u015fad\u0131.<br \/>\n<br \/>Yunusemre il\u00e7esindeki Akgedik TOK\u0130 Ortaokulu taraf\u0131ndan Ramazan ay\u0131n\u0131n manevi atmosferini ya\u015fatmak amac\u0131yla d\u00fczenlenen program yo\u011fun kat\u0131l\u0131mla ger\u00e7ekle\u015ftirildi. Teravih namaz\u0131 i\u00e7in bir araya gelen \u00f6\u011frenciler, veliler ve \u00f6\u011fretmenler cami avlusunu doldurdu. Yo\u011fun kat\u0131l\u0131m\u0131n oldu\u011fu gecede cami avlusunda adeta ad\u0131m atacak yer kalmad\u0131.<br \/>\n<br \/>Teravih namaz\u0131n\u0131n ard\u0131ndan d\u00fczenlenen etkinlikte kat\u0131l\u0131mc\u0131lara geleneksel Ramazan ikramlar\u0131 sunuldu. Program kapsam\u0131nda Osmanl\u0131 macunu, Osmanl\u0131 \u015ferbeti, pamuk \u015feker ve patlam\u0131\u015f m\u0131s\u0131r da\u011f\u0131t\u0131ld\u0131. \u00c7ocuklar\u0131n b\u00fcy\u00fck ilgi g\u00f6sterdi\u011fi etkinlikte eski Ramazan e\u011flencelerinin s\u0131cak ve samimi atmosferi yeniden ya\u015fand\u0131.<\/p>\n<p>&#8220;Maarifin kalbinde Ramazan&#8221;<br \/>\n<br \/>Program hakk\u0131nda a\u00e7\u0131klama yapan Akgedik TOK\u0130 Ortaokulu M\u00fcd\u00fcr\u00fc Mehmet Emin Efe, Ramazan ay\u0131n\u0131n manevi de\u011ferlerini \u00f6\u011frencilerle birlikte ya\u015fatmay\u0131 ama\u00e7lad\u0131klar\u0131n\u0131 belirtti. Efe, &#8220;Bug\u00fcn okulumuzun \u00f6nc\u00fcl\u00fc\u011f\u00fcnde, maneviyat\u0131m\u0131z\u0131n merkezi olan camimizin avlusunda \u00f6\u011frencilerimiz, velilerimiz ve \u00f6\u011fretmenlerimizle bir araya geldik. \u2018Maarifin Kalbinde Ramazan\u2019 mottosuyla yola \u00e7\u0131kt\u0131k. \u00c7ocuklar\u0131m\u0131z\u0131n kitaplarda okuduklar\u0131, b\u00fcy\u00fcklerinden dinledikleri eski Ramazanlar\u0131 bizzat ya\u015fayarak \u00f6\u011frenmelerini istedik. E\u011fitim sadece s\u0131n\u0131flarla s\u0131n\u0131rl\u0131 de\u011fildir. Milli ve manevi de\u011ferlerimizi bu t\u00fcr birlikteliklerle gelecek nesillere aktarabiliriz. Cami avlusunu dolduran kalabal\u0131k ve \u00e7ocuklar\u0131m\u0131z\u0131n mutlulu\u011fu do\u011fru bir i\u015f yapt\u0131\u011f\u0131m\u0131z\u0131 g\u00f6steriyor. Kat\u0131l\u0131m sa\u011flayan herkese te\u015fekk\u00fcr ediyorum&#8221; dedi.<br \/>\n<br \/>Geleneksel ikramlar e\u015fli\u011finde yap\u0131lan sohbetler ve \u00e7ocuklar\u0131n cami avlusundaki ne\u015feli anlar\u0131yla devam eden program, kat\u0131l\u0131mc\u0131lara unutamayacaklar\u0131 bir ramazan ak\u015fam\u0131 ya\u015fatt\u0131.<br \/><\/p>\n","protected":false},"excerpt":{"rendered":"<p>Manisa\u2019n\u0131n Yunusemre il\u00e7esinde Akgedik TOK\u0130 Ortaokulu\u2019nun ev sahipli\u011finde d\u00fczenlenen teravih bulu\u015fmas\u0131, \u00f6\u011frenciler, veliler ve \u00f6\u011fretmenleri bir araya getirdi. Cami avlusunda ger\u00e7ekle\u015ftirilen etkinlikte eski Ramazan gelenekleri yeniden canland\u0131r\u0131l\u0131rken, y\u00fczlerce ki\u015fi nostaljik bir Ramazan gecesi ya\u015fad\u0131. Yunusemre il\u00e7esindeki Akgedik TOK\u0130 Ortaokulu taraf\u0131ndan Ramazan ay\u0131n\u0131n manevi atmosferini ya\u015fatmak amac\u0131yla d\u00fczenlenen program yo\u011fun kat\u0131l\u0131mla ger\u00e7ekle\u015ftirildi. Teravih namaz\u0131 i\u00e7in bir&#8230;<\/p>\n","protected":false},"author":1,"featured_media":92579,"comment_status":"open","ping_status":"open","sticky":false,"template":"","format":"standard","meta":{"_crdt_document":"","footnotes":""},"categories":[1],"tags":[],"class_list":["post-92578","post","type-post","status-publish","format-standard","has-post-thumbnail","hentry","category-guncel"],"_links":{"self":[{"href":"https:\/\/www.egemtv.com\/index.php?rest_route=\/wp\/v2\/posts\/92578","targetHints":{"allow":["GET"]}}],"collection":[{"href":"https:\/\/www.egemtv.com\/index.php?rest_route=\/wp\/v2\/posts"}],"about":[{"href":"https:\/\/www.egemtv.com\/index.php?rest_route=\/wp\/v2\/types\/post"}],"author":[{"embeddable":true,"href":"https:\/\/www.egemtv.com\/index.php?rest_route=\/wp\/v2\/users\/1"}],"replies":[{"embeddable":true,"href":"https:\/\/www.egemtv.com\/index.php?rest_route=%2Fwp%2Fv2%2Fcomments&post=92578"}],"version-history":[{"count":1,"href":"https:\/\/www.egemtv.com\/index.php?rest_route=\/wp\/v2\/posts\/92578\/revisions"}],"predecessor-version":[{"id":92580,"href":"https:\/\/www.egemtv.com\/index.php?rest_route=\/wp\/v2\/posts\/92578\/revisions\/92580"}],"wp:featuredmedia":[{"embeddable":true,"href":"https:\/\/www.egemtv.com\/index.php?rest_route=\/wp\/v2\/media\/92579"}],"wp:attachment":[{"href":"https:\/\/www.egemtv.com\/index.php?rest_route=%2Fwp%2Fv2%2Fmedia&parent=92578"}],"wp:term":[{"taxonomy":"category","embeddable":true,"href":"https:\/\/www.egemtv.com\/index.php?rest_route=%2Fwp%2Fv2%2Fcategories&post=92578"},{"taxonomy":"post_tag","embeddable":true,"href":"https:\/\/www.egemtv.com\/index.php?rest_route=%2Fwp%2Fv2%2Ftags&post=92578"}],"curies":[{"name":"wp","href":"https:\/\/api.w.org\/{rel}","templated":true}]}}