{"id":92575,"date":"2026-03-07T15:54:59","date_gmt":"2026-03-07T12:54:59","guid":{"rendered":"https:\/\/www.egemtv.com\/?p=92575"},"modified":"2026-03-07T15:55:00","modified_gmt":"2026-03-07T12:55:00","slug":"turgutluda-kuaforlerden-huzurevinde-anlamli-hizmet","status":"publish","type":"post","link":"https:\/\/www.egemtv.com\/?p=92575","title":{"rendered":"Turgutlu\u2019da kuaf\u00f6rlerden huzurevinde anlaml\u0131 hizmet"},"content":{"rendered":"<p>Manisa\u2019n\u0131n Turgutlu il\u00e7esinde Turgutlu Berberler ve Kuaf\u00f6rler Odas\u0131 Ba\u015fkan\u0131 Alaattin Oral ve oda y\u00f6netimi, Turgutlu Huzurevi\u2019nde kalan ya\u015fl\u0131 bireyler i\u00e7in anlaml\u0131 bir etkinli\u011fe imza att\u0131. G\u00f6n\u00fcll\u00fc berber ve kuaf\u00f6rlerin kat\u0131l\u0131m\u0131yla ger\u00e7ekle\u015ftirilen etkinlikte huzurevi sakinlerine sa\u00e7 kesimi, sakal t\u0131ra\u015f\u0131 ve t\u0131rnak bak\u0131m\u0131 gibi ki\u015fisel bak\u0131m hizmetleri sunuldu.<br \/>\n<br \/>Ya\u015fl\u0131 bireylerle yak\u0131ndan ilgilenen g\u00f6n\u00fcll\u00fc ekip, g\u00fcn boyunca huzurevi sakinlerinin bak\u0131m\u0131n\u0131 yaparken samimi ve s\u0131cak anlar ya\u015fand\u0131. Etkinlik, hem huzurevinde kalan vatanda\u015flar\u0131n y\u00fcz\u00fcn\u00fc g\u00fcld\u00fcrd\u00fc hem de duygusal anlara sahne oldu.<br \/>\n<br \/>Turgutlu Berberler ve Kuaf\u00f6rler Odas\u0131 Ba\u015fkan\u0131 Alaattin Oral, yap\u0131lan \u00e7al\u0131\u015fman\u0131n sosyal sorumluluk a\u00e7\u0131s\u0131ndan b\u00fcy\u00fck anlam ta\u015f\u0131d\u0131\u011f\u0131n\u0131 belirterek \u015fu ifadeleri kulland\u0131: &#8220;B\u00fcy\u00fcklerimiz bizim ba\u015f tac\u0131m\u0131zd\u0131r. Onlar\u0131n hay\u0131r duas\u0131n\u0131 almak, y\u00fczlerinde bir tebess\u00fcm olu\u015fturabilmek bizim i\u00e7in her \u015feyden daha de\u011ferlidir. Odam\u0131za ba\u011fl\u0131 de\u011ferli berber ve kuaf\u00f6r arkada\u015flar\u0131m\u0131zla birlikte bug\u00fcn burada g\u00f6n\u00fcll\u00fc olarak hizmet vermekten b\u00fcy\u00fck mutluluk duyduk. Amac\u0131m\u0131z sadece sa\u00e7 kesmek de\u011fil, ayn\u0131 zamanda b\u00fcy\u00fcklerimizin yan\u0131nda oldu\u011fumuzu hissettirmek.&#8221;<br \/>\n<br \/>Oral ayr\u0131ca bu t\u00fcr sosyal sorumluluk \u00e7al\u0131\u015fmalar\u0131n\u0131n devam edece\u011fini belirterek, &#8220;Toplumun her kesimine dokunan faaliyetler yapmaya devam edece\u011fiz. Bug\u00fcn burada eme\u011fi ge\u00e7en t\u00fcm meslekta\u015flar\u0131ma te\u015fekk\u00fcr ediyorum&#8221; dedi.<br \/>\n<br \/>Huzurevi sakinleri de yap\u0131lan hizmetten duyduklar\u0131 memnuniyeti dile getirerek, eme\u011fi ge\u00e7en berber ve kuaf\u00f6rlere te\u015fekk\u00fcr etti.<br \/><\/p>\n","protected":false},"excerpt":{"rendered":"<p>Manisa\u2019n\u0131n Turgutlu il\u00e7esinde Turgutlu Berberler ve Kuaf\u00f6rler Odas\u0131 Ba\u015fkan\u0131 Alaattin Oral ve oda y\u00f6netimi, Turgutlu Huzurevi\u2019nde kalan ya\u015fl\u0131 bireyler i\u00e7in anlaml\u0131 bir etkinli\u011fe imza att\u0131. G\u00f6n\u00fcll\u00fc berber ve kuaf\u00f6rlerin kat\u0131l\u0131m\u0131yla ger\u00e7ekle\u015ftirilen etkinlikte huzurevi sakinlerine sa\u00e7 kesimi, sakal t\u0131ra\u015f\u0131 ve t\u0131rnak bak\u0131m\u0131 gibi ki\u015fisel bak\u0131m hizmetleri sunuldu. Ya\u015fl\u0131 bireylerle yak\u0131ndan ilgilenen g\u00f6n\u00fcll\u00fc ekip, g\u00fcn boyunca huzurevi&#8230;<\/p>\n","protected":false},"author":1,"featured_media":92576,"comment_status":"open","ping_status":"open","sticky":false,"template":"","format":"standard","meta":{"_crdt_document":"","footnotes":""},"categories":[123],"tags":[],"class_list":["post-92575","post","type-post","status-publish","format-standard","has-post-thumbnail","hentry","category-gundem"],"_links":{"self":[{"href":"https:\/\/www.egemtv.com\/index.php?rest_route=\/wp\/v2\/posts\/92575","targetHints":{"allow":["GET"]}}],"collection":[{"href":"https:\/\/www.egemtv.com\/index.php?rest_route=\/wp\/v2\/posts"}],"about":[{"href":"https:\/\/www.egemtv.com\/index.php?rest_route=\/wp\/v2\/types\/post"}],"author":[{"embeddable":true,"href":"https:\/\/www.egemtv.com\/index.php?rest_route=\/wp\/v2\/users\/1"}],"replies":[{"embeddable":true,"href":"https:\/\/www.egemtv.com\/index.php?rest_route=%2Fwp%2Fv2%2Fcomments&post=92575"}],"version-history":[{"count":1,"href":"https:\/\/www.egemtv.com\/index.php?rest_route=\/wp\/v2\/posts\/92575\/revisions"}],"predecessor-version":[{"id":92577,"href":"https:\/\/www.egemtv.com\/index.php?rest_route=\/wp\/v2\/posts\/92575\/revisions\/92577"}],"wp:featuredmedia":[{"embeddable":true,"href":"https:\/\/www.egemtv.com\/index.php?rest_route=\/wp\/v2\/media\/92576"}],"wp:attachment":[{"href":"https:\/\/www.egemtv.com\/index.php?rest_route=%2Fwp%2Fv2%2Fmedia&parent=92575"}],"wp:term":[{"taxonomy":"category","embeddable":true,"href":"https:\/\/www.egemtv.com\/index.php?rest_route=%2Fwp%2Fv2%2Fcategories&post=92575"},{"taxonomy":"post_tag","embeddable":true,"href":"https:\/\/www.egemtv.com\/index.php?rest_route=%2Fwp%2Fv2%2Ftags&post=92575"}],"curies":[{"name":"wp","href":"https:\/\/api.w.org\/{rel}","templated":true}]}}