{"id":92572,"date":"2026-03-07T15:54:58","date_gmt":"2026-03-07T12:54:58","guid":{"rendered":"https:\/\/www.egemtv.com\/?p=92572"},"modified":"2026-03-07T15:54:59","modified_gmt":"2026-03-07T12:54:59","slug":"muski-genel-muduru-sengul-bodrumdaki-calismalari-inceledi","status":"publish","type":"post","link":"https:\/\/www.egemtv.com\/?p=92572","title":{"rendered":"MUSK\u0130 Genel M\u00fcd\u00fcr\u00fc \u015eeng\u00fcl Bodrum\u2019daki \u00e7al\u0131\u015fmalar\u0131 inceledi"},"content":{"rendered":"<p>T\u00fcrkiye\u2019nin en \u00f6nemli turizm merkezi Bodrum\u2019da \u00f6zellikle yaz aylar\u0131nda s\u0131k s\u0131k patlayan su isale hatlar\u0131n\u0131n yenilenmesi \u00e7al\u0131\u015fmalar\u0131 aral\u0131ks\u0131z olarak Mu\u011fla B\u00fcy\u00fck\u015fehir Belediyesi Su ve Kanalizasyon \u0130daresi (MUSK\u0130) Genel M\u00fcd\u00fcrl\u00fc\u011f\u00fc ekipleri taraf\u0131ndan devam ediyor.<br \/>\n<br \/>Bodrum Yar\u0131madas\u0131nda devam eden \u00e7al\u0131\u015fmalar ile ilgili s\u0131k s\u0131k b\u00f6lgeye giden MUSK\u0130 Genel M\u00fcd\u00fcr\u00fc Y\u0131lmaz \u015eeng\u00fcl, B\u00fcy\u00fck\u015fehir Belediye Ba\u015fkan\u0131 Ahmet Aras\u2019\u0131n talimatlar\u0131 do\u011frultusunda patlayan su isale hatlar\u0131n\u0131n yerine yeni isale hatt\u0131 d\u00f6\u015feme \u00e7al\u0131\u015fmalar\u0131n\u0131n bir an \u00f6nce tamamlanmas\u0131 amac\u0131yla b\u00f6lgede incelemelerde bulundu.<br \/>\n<br \/>MUSK\u0130 Genel M\u00fcd\u00fcr\u00fc Y\u0131lmaz \u015eeng\u00fcl, &#8220;Bodrum il\u00e7emizin i\u00e7me suyu sorunlar\u0131n\u0131 tamamen ortadan kald\u0131rmak ad\u0131na Yar\u0131mada\u2019n\u0131n farkl\u0131 noktalar\u0131ndaki imalatlar\u0131m\u0131z h\u0131z kesmeden devam ediyor. Mu\u011fla B\u00fcy\u00fck\u015fehir Belediye Ba\u015fkan\u0131m\u0131z Ahmet Aras\u2019\u0131n \u00f6nemle \u00fczerinde durdu\u011fu hat yenileme, ilave su sa\u011flama, mevcut kaynaklar\u0131 verimli kullanma ve hatlar\u0131n sorunsuz olarak i\u015fletilmesi i\u00e7in ba\u015flatt\u0131\u011f\u0131m\u0131z \u00e7al\u0131\u015fmalar \u00f6nemli \u00f6l\u00e7\u00fcde tamamlan\u0131yor&#8221; dedi.<br \/>\n<br \/>MUSK\u0130 Genel M\u00fcd\u00fcr\u00fcm\u00fcz Y\u0131lmaz \u015eeng\u00fcl; Bitez Mahallesi g\u00fcney isale hat yenileme, Karg\u0131 Caddesi g\u00fcney isale hat yenileme, \u0130slamhaneleri yeni i\u00e7me suyu deposu, Turgutreis Reverse Ozmos iletim hatt\u0131, Geri\u015f Mahallesi kuzey isale hat yenileme \u00e7al\u0131\u015fmalar\u0131n\u0131 denetleyerek detayl\u0131 bilgi ald\u0131.<br \/><\/p>\n","protected":false},"excerpt":{"rendered":"<p>T\u00fcrkiye\u2019nin en \u00f6nemli turizm merkezi Bodrum\u2019da \u00f6zellikle yaz aylar\u0131nda s\u0131k s\u0131k patlayan su isale hatlar\u0131n\u0131n yenilenmesi \u00e7al\u0131\u015fmalar\u0131 aral\u0131ks\u0131z olarak Mu\u011fla B\u00fcy\u00fck\u015fehir Belediyesi Su ve Kanalizasyon \u0130daresi (MUSK\u0130) Genel M\u00fcd\u00fcrl\u00fc\u011f\u00fc ekipleri taraf\u0131ndan devam ediyor. Bodrum Yar\u0131madas\u0131nda devam eden \u00e7al\u0131\u015fmalar ile ilgili s\u0131k s\u0131k b\u00f6lgeye giden MUSK\u0130 Genel M\u00fcd\u00fcr\u00fc Y\u0131lmaz \u015eeng\u00fcl, B\u00fcy\u00fck\u015fehir Belediye Ba\u015fkan\u0131 Ahmet Aras\u2019\u0131n talimatlar\u0131&#8230;<\/p>\n","protected":false},"author":1,"featured_media":92573,"comment_status":"open","ping_status":"open","sticky":false,"template":"","format":"standard","meta":{"_crdt_document":"","footnotes":""},"categories":[1],"tags":[],"class_list":["post-92572","post","type-post","status-publish","format-standard","has-post-thumbnail","hentry","category-guncel"],"_links":{"self":[{"href":"https:\/\/www.egemtv.com\/index.php?rest_route=\/wp\/v2\/posts\/92572","targetHints":{"allow":["GET"]}}],"collection":[{"href":"https:\/\/www.egemtv.com\/index.php?rest_route=\/wp\/v2\/posts"}],"about":[{"href":"https:\/\/www.egemtv.com\/index.php?rest_route=\/wp\/v2\/types\/post"}],"author":[{"embeddable":true,"href":"https:\/\/www.egemtv.com\/index.php?rest_route=\/wp\/v2\/users\/1"}],"replies":[{"embeddable":true,"href":"https:\/\/www.egemtv.com\/index.php?rest_route=%2Fwp%2Fv2%2Fcomments&post=92572"}],"version-history":[{"count":1,"href":"https:\/\/www.egemtv.com\/index.php?rest_route=\/wp\/v2\/posts\/92572\/revisions"}],"predecessor-version":[{"id":92574,"href":"https:\/\/www.egemtv.com\/index.php?rest_route=\/wp\/v2\/posts\/92572\/revisions\/92574"}],"wp:featuredmedia":[{"embeddable":true,"href":"https:\/\/www.egemtv.com\/index.php?rest_route=\/wp\/v2\/media\/92573"}],"wp:attachment":[{"href":"https:\/\/www.egemtv.com\/index.php?rest_route=%2Fwp%2Fv2%2Fmedia&parent=92572"}],"wp:term":[{"taxonomy":"category","embeddable":true,"href":"https:\/\/www.egemtv.com\/index.php?rest_route=%2Fwp%2Fv2%2Fcategories&post=92572"},{"taxonomy":"post_tag","embeddable":true,"href":"https:\/\/www.egemtv.com\/index.php?rest_route=%2Fwp%2Fv2%2Ftags&post=92572"}],"curies":[{"name":"wp","href":"https:\/\/api.w.org\/{rel}","templated":true}]}}