{"id":92569,"date":"2026-03-07T15:34:57","date_gmt":"2026-03-07T12:34:57","guid":{"rendered":"https:\/\/www.egemtv.com\/?p=92569"},"modified":"2026-03-07T15:34:58","modified_gmt":"2026-03-07T12:34:58","slug":"muglada-sporun-gelecegi-icin-dev-adim","status":"publish","type":"post","link":"https:\/\/www.egemtv.com\/?p=92569","title":{"rendered":"Mu\u011fla\u2019da sporun gelece\u011fi i\u00e7in dev ad\u0131m"},"content":{"rendered":"<p>Mu\u011fla\u2019da gen\u00e7lerin sporla i\u00e7 i\u00e7e b\u00fcy\u00fcmesi ve sa\u011fl\u0131kl\u0131 bir nesil yeti\u015fmesi amac\u0131yla hayata ge\u00e7irilen &#8220;48 Etkinlik G\u00fcnleri&#8221; i\u015f birli\u011fi protokol\u00fc, d\u00fczenlenen g\u00f6rkemli bir t\u00f6renle imzaland\u0131.<\/p>\n<p>Mu\u011fla Valisi Say\u0131n Dr. \u0130dris Akb\u0131y\u0131k\u2019\u0131n himayelerinde ger\u00e7ekle\u015ftirilen imza t\u00f6reni, il protokol\u00fcn\u00fc ve spor camias\u0131n\u0131 bir araya getirdi. Mu\u011flaspor Kul\u00fcb\u00fc, Mu\u011fla \u0130l Milli E\u011fitim M\u00fcd\u00fcrl\u00fc\u011f\u00fc ve Mu\u011fla Gen\u00e7lik ve Spor \u0130l M\u00fcd\u00fcrl\u00fc\u011f\u00fc aras\u0131nda imzalanan bu stratejik i\u015f birli\u011fi, 2026 Mu\u011fla Gen\u00e7lik Y\u0131l\u0131 kapsam\u0131nda sporun tabana yay\u0131lmas\u0131n\u0131 hedefliyor. Protokol\u00fcn temel ama\u00e7lar\u0131 aras\u0131nda \u00f6\u011frencilerin sporla en erken ya\u015fta tan\u0131\u015fmalar\u0131n\u0131n sa\u011flanmas\u0131. Gen\u00e7 nesillerde sa\u011fl\u0131kl\u0131 ya\u015fam bilincinin art\u0131r\u0131lmas\u0131. Profesyonel sporcular\u0131n \u00f6\u011frencilerle bulu\u015fturularak onlara ilham vermesi. Okullarda s\u00fcrd\u00fcr\u00fclebilir bir spor k\u00fclt\u00fcr\u00fcn\u00fcn in\u015fa edilmesi yer al\u0131yor.<\/p>\n<p>T\u00f6rende konu\u015fan Mu\u011fla Valisi Dr. \u0130dris Akb\u0131y\u0131k, gen\u00e7li\u011fe yap\u0131lan yat\u0131r\u0131m\u0131n gelece\u011fe yap\u0131lan en b\u00fcy\u00fck yat\u0131r\u0131m oldu\u011funu vurgulad\u0131. Vali Akb\u0131y\u0131k, &#8220;2026 y\u0131l\u0131n\u0131 Mu\u011fla\u2019da \u2019Gen\u00e7lik Y\u0131l\u0131\u2019 ilan ettik. Bu protokol ile evlatlar\u0131m\u0131z\u0131 hem fiziksel hem de zihinsel olarak daha g\u00fc\u00e7l\u00fc bireyler haline getirmeyi hedefliyoruz. \u0130\u015f birli\u011finin t\u00fcm \u015fehrimize, \u00f6\u011frencilerimize ve spor camiam\u0131za hay\u0131rl\u0131 u\u011furlu olmas\u0131n\u0131 diliyorum&#8221; ifadelerini kulland\u0131.<br \/><\/p>\n","protected":false},"excerpt":{"rendered":"<p>Mu\u011fla\u2019da gen\u00e7lerin sporla i\u00e7 i\u00e7e b\u00fcy\u00fcmesi ve sa\u011fl\u0131kl\u0131 bir nesil yeti\u015fmesi amac\u0131yla hayata ge\u00e7irilen &#8220;48 Etkinlik G\u00fcnleri&#8221; i\u015f birli\u011fi protokol\u00fc, d\u00fczenlenen g\u00f6rkemli bir t\u00f6renle imzaland\u0131. Mu\u011fla Valisi Say\u0131n Dr. \u0130dris Akb\u0131y\u0131k\u2019\u0131n himayelerinde ger\u00e7ekle\u015ftirilen imza t\u00f6reni, il protokol\u00fcn\u00fc ve spor camias\u0131n\u0131 bir araya getirdi. Mu\u011flaspor Kul\u00fcb\u00fc, Mu\u011fla \u0130l Milli E\u011fitim M\u00fcd\u00fcrl\u00fc\u011f\u00fc ve Mu\u011fla Gen\u00e7lik ve Spor&#8230;<\/p>\n","protected":false},"author":1,"featured_media":92570,"comment_status":"open","ping_status":"open","sticky":false,"template":"","format":"standard","meta":{"_crdt_document":"","footnotes":""},"categories":[1],"tags":[],"class_list":["post-92569","post","type-post","status-publish","format-standard","has-post-thumbnail","hentry","category-guncel"],"_links":{"self":[{"href":"https:\/\/www.egemtv.com\/index.php?rest_route=\/wp\/v2\/posts\/92569","targetHints":{"allow":["GET"]}}],"collection":[{"href":"https:\/\/www.egemtv.com\/index.php?rest_route=\/wp\/v2\/posts"}],"about":[{"href":"https:\/\/www.egemtv.com\/index.php?rest_route=\/wp\/v2\/types\/post"}],"author":[{"embeddable":true,"href":"https:\/\/www.egemtv.com\/index.php?rest_route=\/wp\/v2\/users\/1"}],"replies":[{"embeddable":true,"href":"https:\/\/www.egemtv.com\/index.php?rest_route=%2Fwp%2Fv2%2Fcomments&post=92569"}],"version-history":[{"count":1,"href":"https:\/\/www.egemtv.com\/index.php?rest_route=\/wp\/v2\/posts\/92569\/revisions"}],"predecessor-version":[{"id":92571,"href":"https:\/\/www.egemtv.com\/index.php?rest_route=\/wp\/v2\/posts\/92569\/revisions\/92571"}],"wp:featuredmedia":[{"embeddable":true,"href":"https:\/\/www.egemtv.com\/index.php?rest_route=\/wp\/v2\/media\/92570"}],"wp:attachment":[{"href":"https:\/\/www.egemtv.com\/index.php?rest_route=%2Fwp%2Fv2%2Fmedia&parent=92569"}],"wp:term":[{"taxonomy":"category","embeddable":true,"href":"https:\/\/www.egemtv.com\/index.php?rest_route=%2Fwp%2Fv2%2Fcategories&post=92569"},{"taxonomy":"post_tag","embeddable":true,"href":"https:\/\/www.egemtv.com\/index.php?rest_route=%2Fwp%2Fv2%2Ftags&post=92569"}],"curies":[{"name":"wp","href":"https:\/\/api.w.org\/{rel}","templated":true}]}}