{"id":92566,"date":"2026-03-07T15:14:51","date_gmt":"2026-03-07T12:14:51","guid":{"rendered":"https:\/\/www.egemtv.com\/?p=92566"},"modified":"2026-03-07T15:14:52","modified_gmt":"2026-03-07T12:14:52","slug":"merdivenden-duserek-yasamini-yitirdi","status":"publish","type":"post","link":"https:\/\/www.egemtv.com\/?p=92566","title":{"rendered":"Merdivenden d\u00fc\u015ferek ya\u015fam\u0131n\u0131 yitirdi"},"content":{"rendered":"<p>Mu\u011fla\u2019n\u0131n Bodrum il\u00e7esinde 74 ya\u015f\u0131ndaki E\u015fref G\u00fcrkan G\u00fcney, sitedeki merdivenden d\u00fc\u015ferek hayat\u0131n\u0131 kaybetti.<\/p>\n<p>Edinilen bilgiye g\u00f6re Bitez Mahallesi\u2019ndeki bir sitede ya\u015fam\u0131n\u0131 s\u00fcrd\u00fcren E\u015fref G\u00fcrkan G\u00fcney\u2019e d\u00fcn \u00f6\u011fleden sonra bir kargo geldi. A\u011f\u0131r oldu\u011fu \u00f6\u011frenilen kargoyu tek ba\u015f\u0131na evine g\u00f6t\u00fcrmeye \u00e7al\u0131\u015fan G\u00fcney, merdivenden d\u00fc\u015ferek a\u011f\u0131r \u015fekilde yaraland\u0131. \u0130hbar\u0131n ard\u0131ndan 112 Acil Sa\u011fl\u0131k ve polis ekibi olay yerine geldi. Olay yerindeki ilk m\u00fcdahalenin ard\u0131ndan Bodrum Devlet Hastanesi\u2019ne kald\u0131r\u0131lan evli ve 1 \u00e7ocuk babas\u0131 E\u015fref G\u00fcrkan G\u00fcney, yap\u0131lan t\u00fcm m\u00fcdahalelere ra\u011fmen kurtar\u0131lamad\u0131. Cenazesi otopsi i\u00e7in Mu\u011fla Adli T\u0131p Kurumu\u2019na g\u00f6nderildi. Olay yeri ve \u00e7evresinde inceleme yapan polis ekipleri, kargo g\u00f6revlisi ve \u00e7evre sakinlerinin ifadesine ba\u015fvurdu. Vefat\u0131, sevenlerine b\u00fcy\u00fck \u00fcz\u00fcnt\u00fc ya\u015fatt\u0131. Ac\u0131 haberi alan \u00e7ocu\u011funun ise Bodrum\u2019a gelmek \u00fczere ABD\u2019den hareket etti\u011fi \u00f6\u011frenildi. E\u015fref G\u00fcrkan G\u00fcney\u2019in Bodrum\u2019da topra\u011fa verilece\u011fi bildirildi.<br \/><\/p>\n","protected":false},"excerpt":{"rendered":"<p>Mu\u011fla\u2019n\u0131n Bodrum il\u00e7esinde 74 ya\u015f\u0131ndaki E\u015fref G\u00fcrkan G\u00fcney, sitedeki merdivenden d\u00fc\u015ferek hayat\u0131n\u0131 kaybetti. Edinilen bilgiye g\u00f6re Bitez Mahallesi\u2019ndeki bir sitede ya\u015fam\u0131n\u0131 s\u00fcrd\u00fcren E\u015fref G\u00fcrkan G\u00fcney\u2019e d\u00fcn \u00f6\u011fleden sonra bir kargo geldi. A\u011f\u0131r oldu\u011fu \u00f6\u011frenilen kargoyu tek ba\u015f\u0131na evine g\u00f6t\u00fcrmeye \u00e7al\u0131\u015fan G\u00fcney, merdivenden d\u00fc\u015ferek a\u011f\u0131r \u015fekilde yaraland\u0131. \u0130hbar\u0131n ard\u0131ndan 112 Acil Sa\u011fl\u0131k ve polis ekibi olay&#8230;<\/p>\n","protected":false},"author":1,"featured_media":92567,"comment_status":"open","ping_status":"open","sticky":false,"template":"","format":"standard","meta":{"_crdt_document":"","footnotes":""},"categories":[5],"tags":[],"class_list":["post-92566","post","type-post","status-publish","format-standard","has-post-thumbnail","hentry","category-asayis"],"_links":{"self":[{"href":"https:\/\/www.egemtv.com\/index.php?rest_route=\/wp\/v2\/posts\/92566","targetHints":{"allow":["GET"]}}],"collection":[{"href":"https:\/\/www.egemtv.com\/index.php?rest_route=\/wp\/v2\/posts"}],"about":[{"href":"https:\/\/www.egemtv.com\/index.php?rest_route=\/wp\/v2\/types\/post"}],"author":[{"embeddable":true,"href":"https:\/\/www.egemtv.com\/index.php?rest_route=\/wp\/v2\/users\/1"}],"replies":[{"embeddable":true,"href":"https:\/\/www.egemtv.com\/index.php?rest_route=%2Fwp%2Fv2%2Fcomments&post=92566"}],"version-history":[{"count":1,"href":"https:\/\/www.egemtv.com\/index.php?rest_route=\/wp\/v2\/posts\/92566\/revisions"}],"predecessor-version":[{"id":92568,"href":"https:\/\/www.egemtv.com\/index.php?rest_route=\/wp\/v2\/posts\/92566\/revisions\/92568"}],"wp:featuredmedia":[{"embeddable":true,"href":"https:\/\/www.egemtv.com\/index.php?rest_route=\/wp\/v2\/media\/92567"}],"wp:attachment":[{"href":"https:\/\/www.egemtv.com\/index.php?rest_route=%2Fwp%2Fv2%2Fmedia&parent=92566"}],"wp:term":[{"taxonomy":"category","embeddable":true,"href":"https:\/\/www.egemtv.com\/index.php?rest_route=%2Fwp%2Fv2%2Fcategories&post=92566"},{"taxonomy":"post_tag","embeddable":true,"href":"https:\/\/www.egemtv.com\/index.php?rest_route=%2Fwp%2Fv2%2Ftags&post=92566"}],"curies":[{"name":"wp","href":"https:\/\/api.w.org\/{rel}","templated":true}]}}