{"id":92563,"date":"2026-03-07T15:14:50","date_gmt":"2026-03-07T12:14:50","guid":{"rendered":"https:\/\/www.egemtv.com\/?p=92563"},"modified":"2026-03-07T15:14:51","modified_gmt":"2026-03-07T12:14:51","slug":"dogaseverler-tarihi-tas-kopruye-dikkat-cekti","status":"publish","type":"post","link":"https:\/\/www.egemtv.com\/?p=92563","title":{"rendered":"Do\u011faseverler tarihi ta\u015f k\u00f6pr\u00fcye dikkat \u00e7ekti"},"content":{"rendered":"<p>Ayd\u0131n\u2019\u0131n S\u00f6ke il\u00e7esi Sar\u0131kemer b\u00f6lgesinde bulunan ve Kemal Sunal\u2019\u0131n ba\u015frol\u00fcn\u00fc oynad\u0131\u011f\u0131 \u0130nat\u00e7\u0131 filmine de ev sahipli\u011fi yapan tarihi ta\u015f k\u00f6pr\u00fcye dikkat \u00e7eken EKODOSD Ba\u015fkan\u0131 Bahattin S\u00fcr\u00fcc\u00fc ise tarihi k\u00f6pr\u00fcn\u00fcn korunmas\u0131 i\u00e7in y\u00fczer bariyer yap\u0131lmas\u0131 gerekti\u011fini ifade etti.<\/p>\n<p>Ayd\u0131n tar\u0131m\u0131n\u0131n can damarlar\u0131ndan olan B\u00fcy\u00fck Menderes Nehri, do\u011fdu\u011fu b\u00f6lgeden denize d\u00f6k\u00fcld\u00fc\u011f\u00fc yere kadar \u00fczerinde yap\u0131lan bir\u00e7ok k\u00f6pr\u00fcye ev sahipli\u011fi yap\u0131yor. Ayd\u0131n\u2019\u0131n S\u00f6ke il\u00e7esine ba\u011fl\u0131 Sar\u0131kemer\u2019i birbirine ba\u011flayan ve bir zamanlar deve kervanlar\u0131n\u0131n ge\u00e7ti\u011fi, 1988 y\u0131l\u0131nda da Kemal Sunal\u2019\u0131n ba\u015frol\u00fcn\u00fc oynad\u0131\u011f\u0131 \u0130nat\u00e7\u0131 filminin bir\u00e7ok sahnesinin \u00e7ekildi\u011fi tarihi ta\u015f k\u00f6pr\u00fcn\u00fcn de y\u0131k\u0131lma tehlikesi devam ediyor. Ekosistemi Koruma ve Do\u011fa Severler Derne\u011fi (EKODOSD) Ba\u015fkan\u0131 Bahattin S\u00fcr\u00fcc\u00fc de tarihi k\u00f6pr\u00fcn\u00fcn kemerlerinin t\u0131kanmas\u0131 i\u00e7in y\u00fczer bariyer sisteminin kurulmas\u0131 gerekti\u011fine dikkat \u00e7ekti.<\/p>\n<p>S\u00fcr\u00fcc\u00fc, Ayd\u0131n \u0130li Deniz \u00c7\u00f6pleri Eylem Plan\u0131 kapsam\u0131nda t\u00fcm kurumlar\u0131n i\u015fbirli\u011fi halinde hareket etmesi gerekti\u011fini ifade ederek &#8220;T\u00fcrkiye\u2019deki 25 akarsu havzas\u0131ndan biri olan B\u00fcy\u00fck Menderes Havzas\u0131\u2019n\u0131n ortas\u0131ndan 584 kilometre boyunca k\u0131vr\u0131larak Ege Denizi\u2019ne d\u00f6k\u00fclen B\u00fcy\u00fck Menderes Nehri\u2019nin y\u0131llara ve mevsimlere g\u00f6re de\u011fi\u015fen ak\u0131\u015f rejimi, S\u00f6ke\u2019ye ba\u011fl\u0131 Sar\u0131kemer\u2019de bulunan tarihi Ta\u015fk\u00f6pr\u00fc\u2019n\u00fcn de zamanla farkl\u0131 g\u00f6r\u00fcn\u00fcmler almas\u0131na neden olmaktad\u0131r. Ancak burada ya\u015fanan de\u011fi\u015fimin temel nedeni, b\u00fcy\u00fck \u00f6l\u00e7\u00fcde insan kaynakl\u0131 kirliliktir. Gerekli ve yeterli \u00f6nlemlerin zaman\u0131nda al\u0131namamas\u0131, kirlili\u011fin olu\u015fturdu\u011fu sorunlara kal\u0131c\u0131 \u00e7\u00f6z\u00fcmler \u00fcretilememesi ve mevcut teknolojik y\u00f6ntemlerin etkin bi\u00e7imde kullan\u0131lmamas\u0131, tarihi Ta\u015fk\u00f6pr\u00fc\u2019n\u00fcn s\u00fcrekli de\u011fi\u015fim ge\u00e7irmesine yol a\u00e7makta ve yap\u0131y\u0131 ciddi bir y\u0131k\u0131lma tehdidiyle kar\u015f\u0131 kar\u015f\u0131ya b\u0131rakmaktad\u0131r. Zaman zaman i\u015f makineleriyle temizlik yap\u0131lmas\u0131na ra\u011fmen bu \u00e7al\u0131\u015fmalar yeterli olmamakta, k\u0131sa s\u00fcre i\u00e7inde ayn\u0131 g\u00f6r\u00fcnt\u00fcler tekrar ortaya \u00e7\u0131kmaktad\u0131r. K\u00f6pr\u00fcn\u00fcn \u00fczerinden a\u015fan sularla birlikte bu at\u0131klar\u0131n \u00f6nemli bir b\u00f6l\u00fcm\u00fc de denize ta\u015f\u0131nmaktad\u0131r. A\u015f\u0131r\u0131 ya\u011f\u0131\u015flar nedeniyle nehrin debisinin y\u00fckselmesi ve k\u00f6pr\u00fcn\u00fcn kemerlerinin t\u0131kal\u0131 olmas\u0131 sonucu sular Ta\u015fk\u00f6pr\u00fc\u2019n\u00fcn \u00fczerinden a\u015fmaktad\u0131r. Bu nedenle nehrin iki yakas\u0131nda ya\u015fayan vatanda\u015flar, ge\u00e7ti\u011fimiz aydan beri yaya ge\u00e7i\u015fi i\u00e7in kullanabildikleri tek yer olan k\u00f6pr\u00fcden ge\u00e7ememektedir. \u00d6zellikle tarihi Ta\u015fk\u00f6pr\u00fc\u2019n\u00fcn arka k\u0131sm\u0131na kurulacak bir y\u00fczer bariyer sistemi, k\u00f6pr\u00fc kemerlerinin t\u0131kanmas\u0131n\u0131 \u00f6nleyecek, suyun daha rahat akmas\u0131n\u0131 sa\u011flayacak, k\u00f6pr\u00fcy\u00fc y\u0131k\u0131lma tehdidinden koruyacak ve \u00e7\u00f6plerin denize ula\u015fmas\u0131n\u0131 b\u00fcy\u00fck \u00f6l\u00e7\u00fcde engelleyecektir. Bu nedenle Devlet Su \u0130\u015fleri\u2019nin (DS\u0130) geli\u015ftirdi\u011fi ve uygulamaya koydu\u011fu y\u00fczer bariyer sisteminin mutlaka etkin ve s\u00fcrekli \u00e7al\u0131\u015f\u0131r hale getirilmesi gerekmektedir. Bu \u00e7al\u0131\u015fman\u0131n ba\u015far\u0131l\u0131 olabilmesi i\u00e7in di\u011fer kurumlar\u0131n da gerekli duyarl\u0131l\u0131\u011f\u0131 g\u00f6stererek toplanan at\u0131klar\u0131n bertaraf edilmesi s\u00fcrecine aktif bi\u00e7imde kat\u0131lmas\u0131 gerekmektedir. Ayd\u0131n \u00c7evre, \u015eehircilik ve \u0130klim De\u011fi\u015fikli\u011fi \u0130l M\u00fcd\u00fcrl\u00fc\u011f\u00fc taraf\u0131ndan ilgili kurumlar\u0131n katk\u0131s\u0131yla haz\u0131rlanan Ayd\u0131n \u0130li Deniz \u00c7\u00f6pleri Eylem Plan\u0131 kapsam\u0131nda, nehir ve deniz kirlili\u011fini \u00f6nlemeye y\u00f6nelik tedbirlerin etkin ve s\u00fcrd\u00fcr\u00fclebilir bi\u00e7imde uygulanmas\u0131 gerekmektedir. Bu s\u00fcre\u00e7te ilgili kurumlar\u0131n harekete ge\u00e7irilmesi ve y\u00fcr\u00fct\u00fclen \u00e7al\u0131\u015fmalar\u0131n kamuoyuyla d\u00fczenli olarak payla\u015f\u0131lmas\u0131 da b\u00fcy\u00fck \u00f6nem ta\u015f\u0131maktad\u0131r&#8221; dedi.<br \/><\/p>\n","protected":false},"excerpt":{"rendered":"<p>Ayd\u0131n\u2019\u0131n S\u00f6ke il\u00e7esi Sar\u0131kemer b\u00f6lgesinde bulunan ve Kemal Sunal\u2019\u0131n ba\u015frol\u00fcn\u00fc oynad\u0131\u011f\u0131 \u0130nat\u00e7\u0131 filmine de ev sahipli\u011fi yapan tarihi ta\u015f k\u00f6pr\u00fcye dikkat \u00e7eken EKODOSD Ba\u015fkan\u0131 Bahattin S\u00fcr\u00fcc\u00fc ise tarihi k\u00f6pr\u00fcn\u00fcn korunmas\u0131 i\u00e7in y\u00fczer bariyer yap\u0131lmas\u0131 gerekti\u011fini ifade etti. Ayd\u0131n tar\u0131m\u0131n\u0131n can damarlar\u0131ndan olan B\u00fcy\u00fck Menderes Nehri, do\u011fdu\u011fu b\u00f6lgeden denize d\u00f6k\u00fcld\u00fc\u011f\u00fc yere kadar \u00fczerinde yap\u0131lan bir\u00e7ok k\u00f6pr\u00fcye&#8230;<\/p>\n","protected":false},"author":1,"featured_media":92564,"comment_status":"open","ping_status":"open","sticky":false,"template":"","format":"standard","meta":{"_crdt_document":"","footnotes":""},"categories":[1],"tags":[],"class_list":["post-92563","post","type-post","status-publish","format-standard","has-post-thumbnail","hentry","category-guncel"],"_links":{"self":[{"href":"https:\/\/www.egemtv.com\/index.php?rest_route=\/wp\/v2\/posts\/92563","targetHints":{"allow":["GET"]}}],"collection":[{"href":"https:\/\/www.egemtv.com\/index.php?rest_route=\/wp\/v2\/posts"}],"about":[{"href":"https:\/\/www.egemtv.com\/index.php?rest_route=\/wp\/v2\/types\/post"}],"author":[{"embeddable":true,"href":"https:\/\/www.egemtv.com\/index.php?rest_route=\/wp\/v2\/users\/1"}],"replies":[{"embeddable":true,"href":"https:\/\/www.egemtv.com\/index.php?rest_route=%2Fwp%2Fv2%2Fcomments&post=92563"}],"version-history":[{"count":1,"href":"https:\/\/www.egemtv.com\/index.php?rest_route=\/wp\/v2\/posts\/92563\/revisions"}],"predecessor-version":[{"id":92565,"href":"https:\/\/www.egemtv.com\/index.php?rest_route=\/wp\/v2\/posts\/92563\/revisions\/92565"}],"wp:featuredmedia":[{"embeddable":true,"href":"https:\/\/www.egemtv.com\/index.php?rest_route=\/wp\/v2\/media\/92564"}],"wp:attachment":[{"href":"https:\/\/www.egemtv.com\/index.php?rest_route=%2Fwp%2Fv2%2Fmedia&parent=92563"}],"wp:term":[{"taxonomy":"category","embeddable":true,"href":"https:\/\/www.egemtv.com\/index.php?rest_route=%2Fwp%2Fv2%2Fcategories&post=92563"},{"taxonomy":"post_tag","embeddable":true,"href":"https:\/\/www.egemtv.com\/index.php?rest_route=%2Fwp%2Fv2%2Ftags&post=92563"}],"curies":[{"name":"wp","href":"https:\/\/api.w.org\/{rel}","templated":true}]}}