{"id":92560,"date":"2026-03-07T15:14:49","date_gmt":"2026-03-07T12:14:49","guid":{"rendered":"https:\/\/www.egemtv.com\/?p=92560"},"modified":"2026-03-07T15:14:50","modified_gmt":"2026-03-07T12:14:50","slug":"vali-akbiyiktan-8-mart-dunya-kadinlar-gunu-mesaji","status":"publish","type":"post","link":"https:\/\/www.egemtv.com\/?p=92560","title":{"rendered":"Vali Akb\u0131y\u0131k\u2019tan \u20188 Mart D\u00fcnya Kad\u0131nlar G\u00fcn\u00fc\u2019 mesaj\u0131"},"content":{"rendered":"<p>Mu\u011fla Valisi Dr. \u0130dris Akb\u0131y\u0131k 8 Mart D\u00fcnya Kad\u0131nlar G\u00fcn\u00fc nedeniyle yay\u0131mlad\u0131\u011f\u0131 mesaj\u0131nda, &#8220;Sevginin, fedak\u00e2rl\u0131\u011f\u0131n ve emekleriyle b\u00fcy\u00fctt\u00fckleri her g\u00fczelli\u011fin sembol\u00fc olan t\u00fcm kad\u0131nlar\u0131m\u0131z\u0131n 8 Mart D\u00fcnya Kad\u0131nlar G\u00fcn\u00fc\u2019n\u00fc en i\u00e7ten dileklerimle kutluyorum&#8221; dedi.<br \/>\n<br \/>Vali Akb\u0131y\u0131k, &#8220;Kad\u0131nlar, tarih boyunca toplumlar\u0131n \u015fekillenmesinde ve insanl\u0131\u011f\u0131n ilerlemesinde her zaman belirleyici bir rol \u00fcstlenmi\u015flerdir. G\u00fcn\u00fcm\u00fczde kad\u0131nlar\u0131m\u0131z; \u00e7al\u0131\u015fma hayat\u0131nda, bilimde, teknolojide, sanatta, sporda, e\u011fitimde ve siyasette her ge\u00e7en g\u00fcn daha g\u00fc\u00e7l\u00fc bir \u015fekilde yer alarak elde ettikleri ba\u015far\u0131larla gururumuz olmaya devam etmektedirler.<br \/>\n<br \/>T\u00fcrk kad\u0131n\u0131, milletimizin ba\u011f\u0131ms\u0131zl\u0131k m\u00fccadelesinde de b\u00fcy\u00fck bir cesaret ve fedak\u00e2rl\u0131k \u00f6rne\u011fi g\u00f6stermi\u015ftir. Kararl\u0131l\u0131k, vatan sevgisi ve sars\u0131lmaz iradesiyle hem cephede hem de cephe gerisinde \u00f6nemli sorumluluklar \u00fcstlenmi\u015ftir. Bu e\u015fsiz m\u00fccadele, onurlu hat\u0131ra; bizlere bug\u00fcn de ilham veren g\u00fc\u00e7l\u00fc bir duru\u015ftur. Ho\u015fg\u00f6r\u00fcs\u00fc, bilgeli\u011fi ve insan sevgisiyle g\u00f6n\u00fcllerde yer edinen \u015eems-i Ana gibi de\u011ferlerimiz, Mu\u011fla\u2019m\u0131zda da kad\u0131nlar\u0131n toplum hayat\u0131ndaki sayg\u0131n yerinin en g\u00fczel \u00f6rneklerindendir.  Bu duygu ve d\u00fc\u015f\u00fcncelerle; sevginin, merhametin ve fedak\u00e2rl\u0131\u011f\u0131n en g\u00fczel temsilcileri olan t\u00fcm kad\u0131nlar\u0131m\u0131z\u0131n 8 Mart D\u00fcnya Kad\u0131nlar G\u00fcn\u00fc\u2019n\u00fc bir kez daha kutluyor, sa\u011fl\u0131k, huzur ve esenlik dolu bir hayat diliyorum&#8221; dedi.<br \/><\/p>\n","protected":false},"excerpt":{"rendered":"<p>Mu\u011fla Valisi Dr. \u0130dris Akb\u0131y\u0131k 8 Mart D\u00fcnya Kad\u0131nlar G\u00fcn\u00fc nedeniyle yay\u0131mlad\u0131\u011f\u0131 mesaj\u0131nda, &#8220;Sevginin, fedak\u00e2rl\u0131\u011f\u0131n ve emekleriyle b\u00fcy\u00fctt\u00fckleri her g\u00fczelli\u011fin sembol\u00fc olan t\u00fcm kad\u0131nlar\u0131m\u0131z\u0131n 8 Mart D\u00fcnya Kad\u0131nlar G\u00fcn\u00fc\u2019n\u00fc en i\u00e7ten dileklerimle kutluyorum&#8221; dedi. Vali Akb\u0131y\u0131k, &#8220;Kad\u0131nlar, tarih boyunca toplumlar\u0131n \u015fekillenmesinde ve insanl\u0131\u011f\u0131n ilerlemesinde her zaman belirleyici bir rol \u00fcstlenmi\u015flerdir. G\u00fcn\u00fcm\u00fczde kad\u0131nlar\u0131m\u0131z; \u00e7al\u0131\u015fma hayat\u0131nda, bilimde,&#8230;<\/p>\n","protected":false},"author":1,"featured_media":92561,"comment_status":"open","ping_status":"open","sticky":false,"template":"","format":"standard","meta":{"_crdt_document":"","footnotes":""},"categories":[123],"tags":[],"class_list":["post-92560","post","type-post","status-publish","format-standard","has-post-thumbnail","hentry","category-gundem"],"_links":{"self":[{"href":"https:\/\/www.egemtv.com\/index.php?rest_route=\/wp\/v2\/posts\/92560","targetHints":{"allow":["GET"]}}],"collection":[{"href":"https:\/\/www.egemtv.com\/index.php?rest_route=\/wp\/v2\/posts"}],"about":[{"href":"https:\/\/www.egemtv.com\/index.php?rest_route=\/wp\/v2\/types\/post"}],"author":[{"embeddable":true,"href":"https:\/\/www.egemtv.com\/index.php?rest_route=\/wp\/v2\/users\/1"}],"replies":[{"embeddable":true,"href":"https:\/\/www.egemtv.com\/index.php?rest_route=%2Fwp%2Fv2%2Fcomments&post=92560"}],"version-history":[{"count":1,"href":"https:\/\/www.egemtv.com\/index.php?rest_route=\/wp\/v2\/posts\/92560\/revisions"}],"predecessor-version":[{"id":92562,"href":"https:\/\/www.egemtv.com\/index.php?rest_route=\/wp\/v2\/posts\/92560\/revisions\/92562"}],"wp:featuredmedia":[{"embeddable":true,"href":"https:\/\/www.egemtv.com\/index.php?rest_route=\/wp\/v2\/media\/92561"}],"wp:attachment":[{"href":"https:\/\/www.egemtv.com\/index.php?rest_route=%2Fwp%2Fv2%2Fmedia&parent=92560"}],"wp:term":[{"taxonomy":"category","embeddable":true,"href":"https:\/\/www.egemtv.com\/index.php?rest_route=%2Fwp%2Fv2%2Fcategories&post=92560"},{"taxonomy":"post_tag","embeddable":true,"href":"https:\/\/www.egemtv.com\/index.php?rest_route=%2Fwp%2Fv2%2Ftags&post=92560"}],"curies":[{"name":"wp","href":"https:\/\/api.w.org\/{rel}","templated":true}]}}