{"id":92557,"date":"2026-03-07T14:54:44","date_gmt":"2026-03-07T11:54:44","guid":{"rendered":"https:\/\/www.egemtv.com\/?p=92557"},"modified":"2026-03-07T14:54:45","modified_gmt":"2026-03-07T11:54:45","slug":"baskan-gulerden-kadinlara-cicekli-jest","status":"publish","type":"post","link":"https:\/\/www.egemtv.com\/?p=92557","title":{"rendered":"Ba\u015fkan G\u00fcler\u2019den kad\u0131nlara \u00e7i\u00e7ekli jest"},"content":{"rendered":"<p>K\u00f6\u015fk Belediye Ba\u015fkan\u0131 Nuri G\u00fcler, il\u00e7e pazar\u0131nda kad\u0131nlara \u00e7i\u00e7ek vererek 8 Mart KAd\u0131nlar G\u00fcn\u00fc\u2019n\u00fc kutlad\u0131.<br \/>\n<br \/>K\u00f6\u015fk Belediye Ba\u015fkan\u0131 Nuri G\u00fcler, il\u00e7e pazar\u0131n\u0131 ziyaret ederek, eme\u011fiyle hayat\u0131n her alan\u0131n\u0131 g\u00fczelle\u015ftiren ve fedakarl\u0131klar\u0131yla toplumun temel dire\u011fi olan kad\u0131nlarla bir araya geldi. Ba\u015fkan G\u00fcler, kad\u0131nlara \u00e7i\u00e7ek takdim ederek g\u00fcnlerini kutlad\u0131 ve onlarla sohbet etti. Ba\u015fkan G\u00fcler, yapt\u0131\u011f\u0131 a\u00e7\u0131klamada, &#8220;8 Mart D\u00fcnya Kad\u0131nlar G\u00fcn\u00fc arifesinde il\u00e7e pazar\u0131m\u0131z\u0131 ziyaret ederek, eme\u011fiyle hayat\u0131n her alan\u0131n\u0131 g\u00fczelle\u015ftiren, fedak\u00e2rl\u0131klar\u0131yla toplumumuzun temel dire\u011fi olan k\u0131ymetli kad\u0131nlar\u0131m\u0131zla bir araya geldik. Ba\u015f\u0131m\u0131z\u0131n tac\u0131 kad\u0131nlar\u0131m\u0131za \u00e7i\u00e7ek takdim ederek g\u00fcnlerini kutlad\u0131k, sohbet ettik. Hayat\u0131m\u0131za de\u011fer katan, \u00fcreten, emek veren t\u00fcm kad\u0131nlar\u0131m\u0131z\u0131n 8 Mart D\u00fcnya Kad\u0131nlar G\u00fcn\u00fc\u2019n\u00fc \u015fimdiden kutluyor; sa\u011fl\u0131k, mutluluk ve ba\u015far\u0131larla dolu bir \u00f6m\u00fcr diliyorum&#8221; ifadelerini kulland\u0131.<br \/><\/p>\n","protected":false},"excerpt":{"rendered":"<p>K\u00f6\u015fk Belediye Ba\u015fkan\u0131 Nuri G\u00fcler, il\u00e7e pazar\u0131nda kad\u0131nlara \u00e7i\u00e7ek vererek 8 Mart KAd\u0131nlar G\u00fcn\u00fc\u2019n\u00fc kutlad\u0131. K\u00f6\u015fk Belediye Ba\u015fkan\u0131 Nuri G\u00fcler, il\u00e7e pazar\u0131n\u0131 ziyaret ederek, eme\u011fiyle hayat\u0131n her alan\u0131n\u0131 g\u00fczelle\u015ftiren ve fedakarl\u0131klar\u0131yla toplumun temel dire\u011fi olan kad\u0131nlarla bir araya geldi. Ba\u015fkan G\u00fcler, kad\u0131nlara \u00e7i\u00e7ek takdim ederek g\u00fcnlerini kutlad\u0131 ve onlarla sohbet etti. Ba\u015fkan G\u00fcler, yapt\u0131\u011f\u0131 a\u00e7\u0131klamada,&#8230;<\/p>\n","protected":false},"author":1,"featured_media":92558,"comment_status":"open","ping_status":"open","sticky":false,"template":"","format":"standard","meta":{"_crdt_document":"","footnotes":""},"categories":[1],"tags":[],"class_list":["post-92557","post","type-post","status-publish","format-standard","has-post-thumbnail","hentry","category-guncel"],"_links":{"self":[{"href":"https:\/\/www.egemtv.com\/index.php?rest_route=\/wp\/v2\/posts\/92557","targetHints":{"allow":["GET"]}}],"collection":[{"href":"https:\/\/www.egemtv.com\/index.php?rest_route=\/wp\/v2\/posts"}],"about":[{"href":"https:\/\/www.egemtv.com\/index.php?rest_route=\/wp\/v2\/types\/post"}],"author":[{"embeddable":true,"href":"https:\/\/www.egemtv.com\/index.php?rest_route=\/wp\/v2\/users\/1"}],"replies":[{"embeddable":true,"href":"https:\/\/www.egemtv.com\/index.php?rest_route=%2Fwp%2Fv2%2Fcomments&post=92557"}],"version-history":[{"count":1,"href":"https:\/\/www.egemtv.com\/index.php?rest_route=\/wp\/v2\/posts\/92557\/revisions"}],"predecessor-version":[{"id":92559,"href":"https:\/\/www.egemtv.com\/index.php?rest_route=\/wp\/v2\/posts\/92557\/revisions\/92559"}],"wp:featuredmedia":[{"embeddable":true,"href":"https:\/\/www.egemtv.com\/index.php?rest_route=\/wp\/v2\/media\/92558"}],"wp:attachment":[{"href":"https:\/\/www.egemtv.com\/index.php?rest_route=%2Fwp%2Fv2%2Fmedia&parent=92557"}],"wp:term":[{"taxonomy":"category","embeddable":true,"href":"https:\/\/www.egemtv.com\/index.php?rest_route=%2Fwp%2Fv2%2Fcategories&post=92557"},{"taxonomy":"post_tag","embeddable":true,"href":"https:\/\/www.egemtv.com\/index.php?rest_route=%2Fwp%2Fv2%2Ftags&post=92557"}],"curies":[{"name":"wp","href":"https:\/\/api.w.org\/{rel}","templated":true}]}}